{"id":76002,"date":"2024-12-31T10:13:00","date_gmt":"2024-12-31T16:13:00","guid":{"rendered":"https:\/\/zonaroja.com.mx\/?p=76002"},"modified":"2024-12-31T07:15:06","modified_gmt":"2024-12-31T13:15:06","slug":"cierra-el-ano-con-violencia-en-guanajuato-sinaloa-guerrero-veracruz","status":"publish","type":"post","link":"https:\/\/zonaroja.com.mx\/?p=76002","title":{"rendered":"Cierra el a\u00f1o con violencia en Guanajuato, Sinaloa, Guerrero, Veracruz\u2026"},"content":{"rendered":"\n<p>Redacci\u00f3n\/Zona Roja Cdmx.<\/p>\n\n\n\n<p>Ciudad de M\u00e9xico, a 31 de diciembre de 2024.- En la comunidad San Antonio Calichar del municipio de Apaseo el Alto, Guanajuato, cuatro personas fueron ejecutadas y tres resultaron lesionadas.&nbsp;<\/p>\n\n\n\n<p>El gobierno municipal inform\u00f3 que ayer en la tarde se perpetraron dos ataques simult\u00e1neos en dicha localidad, contra personas que estaban en la v\u00eda p\u00fablica y el otro en un domicilio. Una de las v\u00edctimas era menor de edad.<\/p>\n\n\n\n<p>EN MORELOS<\/p>\n\n\n\n<p>En Morelos, fuentes de seguridad reportaron cuatro asesinatos; en Yautepec, una mujer polic\u00eda fue atacada a balazos cuando circulaba en motocicleta por la carretera Cuernavaca-Cuautla y un hombre asesinado en un bar de Oaxtepec.<\/p>\n\n\n\n<p>Tambi\u00e9n un repartidor de comida en motocicleta fue ultimado en el municipio de Emiliano Zapata y dentro de una vivienda de Temixco, la polic\u00eda encontr\u00f3 el cad\u00e1ver decapitado de un menor de 17 a\u00f1os, el domingo.<\/p>\n\n\n\n<p>EN VERACRUZ<\/p>\n\n\n\n<p>En Veracruz, luego de que hombres armados dispararon contra la fachada de un domicilio, una ni\u00f1a de 10 a\u00f1os y un hombre fallecieron la noche del domingo, en la colonia 30 de Mayo del municipio de Nogales, en la zona centro del estado.<\/p>\n\n\n\n<p>EN ZACATECAS<\/p>\n\n\n\n<p>Mientras, presuntos integrantes del crimen organizado abandonaron bolsas negras con restos humanos y un mensaje afuera de las instalaciones del S\u00e9ptimo Grupo de Infanter\u00eda Motorizada ubicadas en la cabecera municipal de Jalpa, Zacatecas.<\/p>\n\n\n\n<p>EN CHIHUAHUA<\/p>\n\n\n\n<p>Un grupo de migrantes venezolanos atac\u00f3 y mat\u00f3 ayer a un elemento del Instituto Nacional de Migraci\u00f3n (INM), comisionado a las brechas cercanas al ret\u00e9n militar en el kil\u00f3metro 28 de la carretera Panamericana, informaron compa\u00f1eros del oficial.<\/p>\n\n\n\n<p>Al solicitarles documentos de su estancia en el pa\u00eds, los migrantes se molestaron con el agente quien les dijo que quedar\u00edan detenidos y comenzaron a agredirlo con piedras y palos.<\/p>\n\n\n\n<p>Uno de los migrantes sac\u00f3 un arma blanca con la que lesion\u00f3 en varias ocasiones al agente aun no identificado y que le provoc\u00f3 la muerte. Uno de los primeros agresores fue detenido en el lugar del ataque.<\/p>\n\n\n\n<p>EN QUER\u00c9TARO<\/p>\n\n\n\n<p>Un ni\u00f1o de aproximadamente 11 a\u00f1os de edad que hab\u00eda resultado herido en un ataque armado a una vivienda ubicada en San Antonio Calichar, municipio de Apaseo El Alto, Guanajuato muri\u00f3 en el estado Quer\u00e9taro al momento de ser trasladado a un hospital el mediod\u00eda de este lunes.<\/p>\n\n\n\n<p>El ni\u00f1o era transportado en un veh\u00edculo particular por algunos familiares desde San Antonio Calichar.<\/p>\n\n\n\n<p>Seg\u00fan versiones extraoficiales, en el ataque perpetrado por sicarios a la vivienda de San Antonio Calichar hubo al menos siete v\u00edctimas.<\/p>\n\n\n\n<p>EN SINALOA<\/p>\n\n\n\n<p>La cadena de restaurantes IHOP anunci\u00f3 este lunes el cierre definitivo de su sucursal en Culiac\u00e1n, Sinaloa, debido a la violencia que prevalece en la ciudad desde septiembre anterior por la pugna entre las agrupaciones criminales \u201cLos Mayitos\u201d y \u201cLos Chapitos\u201d.<\/p>\n\n\n\n<p>En un comunicado, la empresa inform\u00f3 que de esta forma \u201cbusca priorizar la seguridad de nuestro equipo\u201d y de sus clientes.<\/p>\n\n\n\n<p>\u201cDurante estos a\u00f1os, hemos tenido el privilegio de formar parte de esta maravillosa comunidad\u201d, afirm\u00f3 la firma en su bolet\u00edn, el cual remat\u00f3 con la frase \u201cesperamos que las circunstancias mejoren y que en el futuro podamos volver a encontrarnos. Gracias por su lealtad y apoyo a lo largo de este tiempo\u201d.<\/p>\n\n\n\n<p>Leoncio Pedro Garc\u00eda, subsecretario de Seguridad P\u00fablica de Sinaloa, inform\u00f3 que sujetos no identificados bloquearon con dos tr\u00e1ileres ayer por la ma\u00f1ana la carretera libre M\u00e9xico 15, a la altura de la entrada a Cosal\u00e1, localidad del municipio de Elota, aunque de inmediato efectivos de la Secretar\u00eda de la Defensa Nacional arribaron al lugar y retiraron las unidades utilizando gr\u00faas. Asegur\u00f3 que ayer no hubo enfrentamientos en la zona.<\/p>\n\n\n\n<p>Tambi\u00e9n en la capital sinaloense, una mujer de 26 a\u00f1os y su hijo de seis fallecieron en su hogar ubicado en la colonia Los Mezcales.<\/p>\n\n\n\n<p>Aparentemente ambos fallecieron por un incendio en el inmueble resultado de un cortocircuito; sin embargo, se determin\u00f3 por las necropsias practicadas a los cuerpos que murieron por heridas causadas con armas punzocortantes.<\/p>\n\n\n\n<p>EN GUERRERO<\/p>\n\n\n\n<p>Un grupo de hombres armados someti\u00f3 a una familia y asesin\u00f3 a una mujer en una vivienda del poblado La Concepci\u00f3n, en la zona rural de Acapulco, Guerrero, para robar recursos econ\u00f3micos que el gobierno federal les entreg\u00f3 por los da\u00f1os ocasionados por el hurac\u00e1n John. Antes de escapar, los sujetos prendieron fuego a la vivienda.<\/p>\n\n\n\n<p>Versiones no oficiales de vecinos de las v\u00edctimas, se\u00f1alan que un grupo de ocho hombres con armas cortas irrumpieron en la casa alrededor de las 13 horas el domingo anterior. Durante el atraco, una mujer grit\u00f3 para pedir ayuda y la ultimaron a balazos. A continuaci\u00f3n los ladrones escaparon.<\/p>\n\n\n\n<p>(Con informaci\u00f3n de \u201cLa Jornada\u201d)<\/p>\n","protected":false},"excerpt":{"rendered":"<p>Redacci\u00f3n\/Zona Roja Cdmx. Ciudad de M\u00e9xico, a 31 de diciembre de 2024.- En la comunidad&hellip;<\/p>\n","protected":false},"author":2,"featured_media":75426,"comment_status":"closed","ping_status":"open","sticky":false,"template":"","format":"standard","meta":{"_lmt_disableupdate":"","_lmt_disable":"","_jetpack_memberships_contains_paid_content":false,"footnotes":""},"categories":[109,51],"tags":[1746],"class_list":["post-76002","post","type-post","status-publish","format-standard","has-post-thumbnail","hentry","category-minuto-a-minuto","category-zona-roja","tag-violencia-en-mexico"],"jetpack_featured_media_url":"https:\/\/zonaroja.com.mx\/wp-content\/uploads\/2024\/12\/Escena-asesinato-crimen-Guanajuato.tiff","jetpack_sharing_enabled":true,"_links":{"self":[{"href":"https:\/\/zonaroja.com.mx\/index.php?rest_route=\/wp\/v2\/posts\/76002","targetHints":{"allow":["GET"]}}],"collection":[{"href":"https:\/\/zonaroja.com.mx\/index.php?rest_route=\/wp\/v2\/posts"}],"about":[{"href":"https:\/\/zonaroja.com.mx\/index.php?rest_route=\/wp\/v2\/types\/post"}],"author":[{"embeddable":true,"href":"https:\/\/zonaroja.com.mx\/index.php?rest_route=\/wp\/v2\/users\/2"}],"replies":[{"embeddable":true,"href":"https:\/\/zonaroja.com.mx\/index.php?rest_route=%2Fwp%2Fv2%2Fcomments&post=76002"}],"version-history":[{"count":1,"href":"https:\/\/zonaroja.com.mx\/index.php?rest_route=\/wp\/v2\/posts\/76002\/revisions"}],"predecessor-version":[{"id":76003,"href":"https:\/\/zonaroja.com.mx\/index.php?rest_route=\/wp\/v2\/posts\/76002\/revisions\/76003"}],"wp:featuredmedia":[{"embeddable":true,"href":"https:\/\/zonaroja.com.mx\/index.php?rest_route=\/wp\/v2\/media\/75426"}],"wp:attachment":[{"href":"https:\/\/zonaroja.com.mx\/index.php?rest_route=%2Fwp%2Fv2%2Fmedia&parent=76002"}],"wp:term":[{"taxonomy":"category","embeddable":true,"href":"https:\/\/zonaroja.com.mx\/index.php?rest_route=%2Fwp%2Fv2%2Fcategories&post=76002"},{"taxonomy":"post_tag","embeddable":true,"href":"https:\/\/zonaroja.com.mx\/index.php?rest_route=%2Fwp%2Fv2%2Ftags&post=76002"}],"curies":[{"name":"wp","href":"https:\/\/api.w.org\/{rel}","templated":true}]}}