{"id":76008,"date":"2024-12-31T09:30:00","date_gmt":"2024-12-31T15:30:00","guid":{"rendered":"https:\/\/zonaroja.com.mx\/?p=76008"},"modified":"2024-12-31T08:00:13","modified_gmt":"2024-12-31T14:00:13","slug":"asegura-gobierno-que-baja-12-7-incidencia-delictiva-homicidios-no-ceden","status":"publish","type":"post","link":"https:\/\/zonaroja.com.mx\/?p=76008","title":{"rendered":"Asegura gobierno que baja 12.7% incidencia delictiva; homicidios no ceden"},"content":{"rendered":"\n<p>Raymundo Morales\/Zona Roja.<\/p>\n\n\n\n<p>Oaxaca de Ju\u00e1rez, Oax., a 31 de diciembre de 2024.- La incidencia delictiva disminuy\u00f3 en Oaxaca en un 12.70 por ciento, del 2022 al 2024, inform\u00f3 el Gobierno del Estado; no obstante, reconoci\u00f3 que los homicidios contin\u00faan al alza.<\/p>\n\n\n\n<p>Los datos fueron a conocer ayer en conferencia de prensa del gabinete de seguridad, conformado por diversas dependencias.<\/p>\n\n\n\n<p>Con base en el an\u00e1lisis de la incidencia delictiva registrada y reportada por el Secretariado Ejecutivo del Sistema Nacional de Seguridad P\u00fablica (SESNSP), en el periodo de enero a noviembre de estas anualidades, en 2022 se registraron 40 mil 16 delitos denunciados, 39 mil 135 en 2023 y 34 mil 931 en 2024.<\/p>\n\n\n\n<p>En cuanto al homicidio doloso, el a\u00f1o pasado se registraron 789 casos y este a\u00f1o sumaron 833 cr\u00edmenes, lo que representa un incremento del 5.58 por ciento.<\/p>\n\n\n\n<p>En cuanto al feminicidio, de 2023 a 2024 se observ\u00f3 una disminuci\u00f3n del 55.35 por ciento, con 37 y 18 casos, respectivamente.<\/p>\n\n\n\n<p>Una disminuci\u00f3n del 36 por ciento en secuestro; 5.22 por ciento en extorsi\u00f3n; 34.01 por ciento en robo a casa habitaci\u00f3n; 15.32 por ciento en robo de veh\u00edculo automotor y 48.24 en robo a transportista.<\/p>\n\n\n\n<p>En tanto, el robo a transe\u00fante disminuy\u00f3 58.73 por ciento; la violencia familiar 22.20 por ciento; la trata de personas 58.33 por ciento; y el narcomenudeo 16.78 por ciento.<\/p>\n\n\n\n<p>El titular de la Secretar\u00eda de Seguridad y Protecci\u00f3n Ciudadana (SSPC), Iv\u00e1n Garc\u00eda \u00c1lvarez, expres\u00f3 que este resultado responde al compromiso del gobernador Salom\u00f3n Jara Cruz para consolidar la cultura de paz con seguridad y justicia en el territorio oaxaque\u00f1o.<\/p>\n\n\n\n<p>Reiter\u00f3 la suma de esfuerzos y coordinaci\u00f3n entre autoridades de los tres \u00f3rdenes de gobierno para garantizar la seguridad en la entidad.<\/p>\n","protected":false},"excerpt":{"rendered":"<p>Raymundo Morales\/Zona Roja. Oaxaca de Ju\u00e1rez, Oax., a 31 de diciembre de 2024.- La incidencia&hellip;<\/p>\n","protected":false},"author":2,"featured_media":76010,"comment_status":"closed","ping_status":"open","sticky":false,"template":"","format":"standard","meta":{"_lmt_disableupdate":"","_lmt_disable":"","_jetpack_memberships_contains_paid_content":false,"footnotes":""},"categories":[109,46],"tags":[820],"class_list":["post-76008","post","type-post","status-publish","format-standard","has-post-thumbnail","hentry","category-minuto-a-minuto","category-zona-blanca","tag-secretaria-de-seguridad-y-proteccion-ciudadana"],"jetpack_featured_media_url":"https:\/\/zonaroja.com.mx\/wp-content\/uploads\/2024\/12\/Operativos-seguridad-Oaxaca.jpeg","jetpack_sharing_enabled":true,"_links":{"self":[{"href":"https:\/\/zonaroja.com.mx\/index.php?rest_route=\/wp\/v2\/posts\/76008","targetHints":{"allow":["GET"]}}],"collection":[{"href":"https:\/\/zonaroja.com.mx\/index.php?rest_route=\/wp\/v2\/posts"}],"about":[{"href":"https:\/\/zonaroja.com.mx\/index.php?rest_route=\/wp\/v2\/types\/post"}],"author":[{"embeddable":true,"href":"https:\/\/zonaroja.com.mx\/index.php?rest_route=\/wp\/v2\/users\/2"}],"replies":[{"embeddable":true,"href":"https:\/\/zonaroja.com.mx\/index.php?rest_route=%2Fwp%2Fv2%2Fcomments&post=76008"}],"version-history":[{"count":1,"href":"https:\/\/zonaroja.com.mx\/index.php?rest_route=\/wp\/v2\/posts\/76008\/revisions"}],"predecessor-version":[{"id":76011,"href":"https:\/\/zonaroja.com.mx\/index.php?rest_route=\/wp\/v2\/posts\/76008\/revisions\/76011"}],"wp:featuredmedia":[{"embeddable":true,"href":"https:\/\/zonaroja.com.mx\/index.php?rest_route=\/wp\/v2\/media\/76010"}],"wp:attachment":[{"href":"https:\/\/zonaroja.com.mx\/index.php?rest_route=%2Fwp%2Fv2%2Fmedia&parent=76008"}],"wp:term":[{"taxonomy":"category","embeddable":true,"href":"https:\/\/zonaroja.com.mx\/index.php?rest_route=%2Fwp%2Fv2%2Fcategories&post=76008"},{"taxonomy":"post_tag","embeddable":true,"href":"https:\/\/zonaroja.com.mx\/index.php?rest_route=%2Fwp%2Fv2%2Ftags&post=76008"}],"curies":[{"name":"wp","href":"https:\/\/api.w.org\/{rel}","templated":true}]}}