{"id":7601,"date":"2020-01-12T18:47:02","date_gmt":"2020-01-13T00:47:02","guid":{"rendered":"http:\/\/www.zonaroja.com.mx\/?p=7601"},"modified":"2020-01-12T18:47:07","modified_gmt":"2020-01-13T00:47:07","slug":"va-lopez-obrador-a-bavispe-sonora-y-se-reune-con-familia-lebaron","status":"publish","type":"post","link":"https:\/\/zonaroja.com.mx\/?p=7601","title":{"rendered":"Va L\u00f3pez Obrador a Bavispe, Sonora, y se re\u00fane con familia LeBar\u00f3n"},"content":{"rendered":"\n<p>Redacci\u00f3n\/Zona\nRoja Cdmx.<\/p>\n\n\n\n<p>Ciudad de\nM\u00e9xico, 12 de enero de 2020.- El Presidente de M\u00e9xico, Andr\u00e9s Manuel L\u00f3pez\nObrador, acudi\u00f3 hoy a Bavispe, Sonora, para reunirse en privado con la familia\nLeBar\u00f3n, tras el asesinato de nueve de sus integrantes, el 4 de noviembre\npasado.<\/p>\n\n\n\n<p>Al salir del\nencuentro, Adri\u00e1n LeBar\u00f3n, uno de los deudos directos demand\u00f3 que la masacre\ndonde perdi\u00f3 la vida su hija no convierta en fantasma a los pueblos de Sonora. <\/p>\n\n\n\n<p>En tanto, seg\u00fan\nJuli\u00e1n LeBar\u00f3n, en los reportes que les han entregado de las investigaciones\nrealizadas por la Fiscal\u00eda General de la Rep\u00fablica, est\u00e1n involucradas al menos\n40 personas, aunque hay detenidas siete personas en M\u00e9xico y dos m\u00e1s en Estados\nUnidos.<\/p>\n\n\n\n<p>\u00abVine a\neste lugar donde calcinaron a mi hija que la justicia est\u00e1 caminando y que\nbuscamos justicia para el pa\u00eds\u00bb dijo Adri\u00e1n LeBar\u00f3n, quien consider\u00f3 que\nen el encuentro percibieron un \u00abpresidente emp\u00e1tico, sensible,\nsolidario\u00bb. <\/p>\n\n\n\n<p>En este\ncontexto lanz\u00f3 la convocatoria para participar en la marcha convocada para el\npr\u00f3ximo d\u00eda 23. \u00abNo somos enemigos, si el dolor nos encontr\u00f3 que la\nesperanza nos una\u00bb.<\/p>\n\n\n\n<p>Al concluir\nel evento, la familia LeBaron realiz\u00f3 un recorrido por la ruta de la masacre\nocurrida el 4 de noviembre en la que perdieron la vida tres mujeres y seis\nni\u00f1os. <\/p>\n\n\n\n<p>Desde la\ncasa de Ronhita LeBaron Miller, quien en aquella ocasi\u00f3n sali\u00f3 a las diez de la\nma\u00f1ana con rumbo a Arizona para ir por su esposo por el camino de terracer\u00eda\ndonde fue ejecutada.<\/p>\n\n\n\n<p>En el lugar,\na\u00fan se encuentran las cintas amarillas colocadas por la autoridad para\n\u00abresguardar\u00bb la escena del crimen. <\/p>\n\n\n\n<p>Ah\u00ed\ncolocaron una ofrenda floral y condenaron la violencia que campea en todo el\npa\u00eds y la inoperancia de las corporaciones policiacas. <\/p>\n\n\n\n<p>\u00abCon mi hija hubo un crimen de omisi\u00f3n\u00bb, dijo Adri\u00e1n LeBar\u00f3n al referirse a la negligencia con que actuaron en aquella ocasi\u00f3n las autoridades estatales y federales, pues tardaron diez horas en llegar. <\/p>\n\n\n\n<p>Por su\nparte, el presidente L\u00f3pez Obrador afirm\u00f3 que habr\u00e1 justicia en el caso del\nataque contra la familia LeBar\u00f3n, ocurrido el 4 de noviembre pasado, en los\nl\u00edmites de Sonora y Chihuahua.<\/p>\n\n\n\n<p>\u201cSe est\u00e1\navanzando y va a haber justicia, no solo porque este es un asunto que afect\u00f3 a\nfamilias mexicanas y estadunidenses o porque se dio aqu\u00ed en la frontera, es una\nconvicci\u00f3n nuestra hacer valer la justicia en todos lados\u201d, expres\u00f3 al t\u00e9rmino\nde la reuni\u00f3n.<\/p>\n\n\n\n<p>(Con\ninformaci\u00f3n de \u201cLa Jornada\u201d)<\/p>\n","protected":false},"excerpt":{"rendered":"<p>Redacci\u00f3n\/Zona Roja Cdmx. Ciudad de M\u00e9xico, 12 de enero de 2020.- El Presidente de M\u00e9xico,&hellip;<\/p>\n","protected":false},"author":2,"featured_media":7602,"comment_status":"closed","ping_status":"open","sticky":false,"template":"","format":"standard","meta":{"_lmt_disableupdate":"","_lmt_disable":"","_jetpack_memberships_contains_paid_content":false,"footnotes":""},"categories":[109,47],"tags":[143,1272],"class_list":["post-7601","post","type-post","status-publish","format-standard","has-post-thumbnail","hentry","category-minuto-a-minuto","category-zona-gris","tag-andres-manuel-lopez-obrador","tag-bavispe-sonora"],"jetpack_featured_media_url":"https:\/\/zonaroja.com.mx\/wp-content\/uploads\/2020\/01\/Bavispe.jpeg","jetpack_sharing_enabled":true,"_links":{"self":[{"href":"https:\/\/zonaroja.com.mx\/index.php?rest_route=\/wp\/v2\/posts\/7601","targetHints":{"allow":["GET"]}}],"collection":[{"href":"https:\/\/zonaroja.com.mx\/index.php?rest_route=\/wp\/v2\/posts"}],"about":[{"href":"https:\/\/zonaroja.com.mx\/index.php?rest_route=\/wp\/v2\/types\/post"}],"author":[{"embeddable":true,"href":"https:\/\/zonaroja.com.mx\/index.php?rest_route=\/wp\/v2\/users\/2"}],"replies":[{"embeddable":true,"href":"https:\/\/zonaroja.com.mx\/index.php?rest_route=%2Fwp%2Fv2%2Fcomments&post=7601"}],"version-history":[{"count":1,"href":"https:\/\/zonaroja.com.mx\/index.php?rest_route=\/wp\/v2\/posts\/7601\/revisions"}],"predecessor-version":[{"id":7603,"href":"https:\/\/zonaroja.com.mx\/index.php?rest_route=\/wp\/v2\/posts\/7601\/revisions\/7603"}],"wp:featuredmedia":[{"embeddable":true,"href":"https:\/\/zonaroja.com.mx\/index.php?rest_route=\/wp\/v2\/media\/7602"}],"wp:attachment":[{"href":"https:\/\/zonaroja.com.mx\/index.php?rest_route=%2Fwp%2Fv2%2Fmedia&parent=7601"}],"wp:term":[{"taxonomy":"category","embeddable":true,"href":"https:\/\/zonaroja.com.mx\/index.php?rest_route=%2Fwp%2Fv2%2Fcategories&post=7601"},{"taxonomy":"post_tag","embeddable":true,"href":"https:\/\/zonaroja.com.mx\/index.php?rest_route=%2Fwp%2Fv2%2Ftags&post=7601"}],"curies":[{"name":"wp","href":"https:\/\/api.w.org\/{rel}","templated":true}]}}