{"id":76012,"date":"2024-12-31T00:30:00","date_gmt":"2024-12-31T06:30:00","guid":{"rendered":"https:\/\/zonaroja.com.mx\/?p=76012"},"modified":"2024-12-31T08:05:50","modified_gmt":"2024-12-31T14:05:50","slug":"a-cinco-anos-de-inicios-del-covid-19-aun-incierto-su-origen","status":"publish","type":"post","link":"https:\/\/zonaroja.com.mx\/?p=76012","title":{"rendered":"A cinco a\u00f1os de inicios del Covid-19, a\u00fan incierto su origen"},"content":{"rendered":"\n<p>Redacci\u00f3n\/Zona Roja Cdmx.<\/p>\n\n\n\n<p>Ciudad de M\u00e9xico, a 31 de diciembre de 2024.- La Organizaci\u00f3n Mundial de la Salud (OMS) aprovech\u00f3 este lunes el quinto aniversario del inicio de la pandemia de Covid-19 para pedir nuevamente a China mayor transparencia sobre los or\u00edgenes de esta enfermedad, cuyos primeros casos se notificaron el 31 de diciembre de 2019.<\/p>\n\n\n\n<p>\u201cContinuamos haciendo un llamamiento a China para que comparta datos y brinde acceso con el fin de que entendamos los or\u00edgenes de la Covid-19. Es un imperativo moral y cient\u00edfico, pues sin transparencia y cooperaci\u00f3n entre pa\u00edses, el mundo no podr\u00e1 prepararse para futuras epidemias y pandemias\u201d, se\u00f1al\u00f3 un comunicado de la agencia sanitaria.<\/p>\n\n\n\n<p>Misiones de la OMS viajaron en dos ocasiones a China para intentar dilucidar los or\u00edgenes de la enfermedad, y sus expertos sostienen que todas las teor\u00edas siguen abiertas, incluida la de una posible fuga desde un laboratorio, aunque reconocen que la m\u00e1s plausible es la de un salto al hombre desde otras especies animales.<\/p>\n\n\n\n<p>La OMS record\u00f3 en el comunicado que en el \u00faltimo d\u00eda de 2019 su oficina en China recogi\u00f3 una notificaci\u00f3n en la web de la Comisi\u00f3n Municipal de Salud de Wuhan (ciudad del centro del pa\u00eds) en la que mencionaba los primeros casos de neumon\u00eda de origen desconocido que despu\u00e9s ser\u00edan atribuidos a un coronavirus, el SARS-CoV-19.<\/p>\n\n\n\n<p>\u201cActivamos sistemas de emergencia el 1 de enero de 2020, informamos al mundo el 4 de enero y entre el 9 y el 12 publicamos ya una serie de gu\u00edas completas para los pa\u00edses\u201d, record\u00f3 la OMS en su nota para conmemorar el aniversario.<\/p>\n\n\n\n<p>En ella pidi\u00f3 \u201crecordar las vidas perdidas, reconocer a los que siguen sufriendo por Covid-19 y covid persistentes, y agradecer a los trabajadores sanitarios que tanto se sacrificaron por cuidarnos\u201d.<\/p>\n\n\n\n<p>Las cifras oficiales de la OMS hablan de 777 millones de contagios y 7 millones de muertes por covid en un lustro, aunque estos n\u00fameros seg\u00fan la propia agencia son conservadores, ya que muchos casos no fueron reportados y, atendiendo al exceso de mortalidad en el periodo, seguramente los fallecidos fueron tres veces m\u00e1s, hasta 20 millones.<\/p>\n\n\n\n<p>La falta de transparencia ha sido motivo de preocupaci\u00f3n internacional. En marzo de 2023, la OMS revel\u00f3 que China ocult\u00f3 informaci\u00f3n sobre el origen del virus. Datos cient\u00edficos recopilados por el Centro para la Prevenci\u00f3n y Control de Enfermedades de China fueron subidos a una plataforma de acceso abierto y posteriormente eliminados, lo que obstaculiz\u00f3 la investigaci\u00f3n sobre los inicios de la pandemia<\/p>\n\n\n\n<p>Adem\u00e1s, el gobierno chino ha sido se\u00f1alado por reprimir a periodistas y voces cr\u00edticas que cuestionaron la gesti\u00f3n de la crisis sanitaria. Reporteros Sin Fronteras document\u00f3 que, incluso con la pandemia bajo control, China mantuvo su hostilidad hacia las voces cr\u00edticas, encarcelando a m\u00e1s de un centenar de periodistas por no acatar las versiones del r\u00e9gimen<\/p>\n\n\n\n<p>La censura tambi\u00e9n se extendi\u00f3 a ciudadanos que intentaron informar sobre la situaci\u00f3n en Wuhan durante los primeros meses del brote. Periodistas ciudadanos como Chen Qiushi y Fang Bin desaparecieron tras reportar desde el epicentro de la pandemia, y otros fueron arrestados por difundir informaci\u00f3n considerada sensible por las autoridades<\/p>\n\n\n\n<p>La controversia en torno a los or\u00edgenes del virus enfrent\u00f3 durante a\u00f1os a China y a pa\u00edses como Estados Unidos, cuyas autoridades llegaron a pedir a la OMS que investigaran de forma prioritaria la posibilidad del escape del pat\u00f3geno de un laboratorio, algo que caus\u00f3 indignaci\u00f3n en el r\u00e9gimen comunista chino.<\/p>\n\n\n\n<p>Esta combinaci\u00f3n de falta de transparencia y represi\u00f3n ha dificultado la comprensi\u00f3n global del origen del COVID-19 y ha generado cr\u00edticas sobre la gesti\u00f3n de la informaci\u00f3n por parte de China. La comunidad internacional contin\u00faa presionando para obtener datos precisos que permitan prevenir futuras pandemias y garantizar una respuesta m\u00e1s efectiva ante crisis sanitarias globales.<\/p>\n\n\n\n<p>(Con informaci\u00f3n de EFE, en Infobae M\u00e9xico)<\/p>\n","protected":false},"excerpt":{"rendered":"<p>Redacci\u00f3n\/Zona Roja Cdmx. Ciudad de M\u00e9xico, a 31 de diciembre de 2024.- La Organizaci\u00f3n Mundial&hellip;<\/p>\n","protected":false},"author":2,"featured_media":67852,"comment_status":"closed","ping_status":"open","sticky":false,"template":"","format":"standard","meta":{"_lmt_disableupdate":"","_lmt_disable":"","_jetpack_memberships_contains_paid_content":false,"footnotes":""},"categories":[109,47],"tags":[3669],"class_list":["post-76012","post","type-post","status-publish","format-standard","has-post-thumbnail","hentry","category-minuto-a-minuto","category-zona-gris","tag-covid-19"],"jetpack_featured_media_url":"https:\/\/zonaroja.com.mx\/wp-content\/uploads\/2024\/05\/Muertos-Covid-19.jpeg","jetpack_sharing_enabled":true,"_links":{"self":[{"href":"https:\/\/zonaroja.com.mx\/index.php?rest_route=\/wp\/v2\/posts\/76012","targetHints":{"allow":["GET"]}}],"collection":[{"href":"https:\/\/zonaroja.com.mx\/index.php?rest_route=\/wp\/v2\/posts"}],"about":[{"href":"https:\/\/zonaroja.com.mx\/index.php?rest_route=\/wp\/v2\/types\/post"}],"author":[{"embeddable":true,"href":"https:\/\/zonaroja.com.mx\/index.php?rest_route=\/wp\/v2\/users\/2"}],"replies":[{"embeddable":true,"href":"https:\/\/zonaroja.com.mx\/index.php?rest_route=%2Fwp%2Fv2%2Fcomments&post=76012"}],"version-history":[{"count":1,"href":"https:\/\/zonaroja.com.mx\/index.php?rest_route=\/wp\/v2\/posts\/76012\/revisions"}],"predecessor-version":[{"id":76013,"href":"https:\/\/zonaroja.com.mx\/index.php?rest_route=\/wp\/v2\/posts\/76012\/revisions\/76013"}],"wp:featuredmedia":[{"embeddable":true,"href":"https:\/\/zonaroja.com.mx\/index.php?rest_route=\/wp\/v2\/media\/67852"}],"wp:attachment":[{"href":"https:\/\/zonaroja.com.mx\/index.php?rest_route=%2Fwp%2Fv2%2Fmedia&parent=76012"}],"wp:term":[{"taxonomy":"category","embeddable":true,"href":"https:\/\/zonaroja.com.mx\/index.php?rest_route=%2Fwp%2Fv2%2Fcategories&post=76012"},{"taxonomy":"post_tag","embeddable":true,"href":"https:\/\/zonaroja.com.mx\/index.php?rest_route=%2Fwp%2Fv2%2Ftags&post=76012"}],"curies":[{"name":"wp","href":"https:\/\/api.w.org\/{rel}","templated":true}]}}