{"id":76016,"date":"2024-12-31T16:17:06","date_gmt":"2024-12-31T22:17:06","guid":{"rendered":"https:\/\/zonaroja.com.mx\/?p=76016"},"modified":"2024-12-31T16:20:08","modified_gmt":"2024-12-31T22:20:08","slug":"califica-el-ieepco-como-no-validas-las-elecciones-en-cotzocon-y-mazatlan-mixe","status":"publish","type":"post","link":"https:\/\/zonaroja.com.mx\/?p=76016","title":{"rendered":"Califica el IEEPCO como no v\u00e1lidas las elecciones en Cotzoc\u00f3n y Mazatl\u00e1n Mixe"},"content":{"rendered":"\n<p>Redacci\u00f3n\/Zona Roja.&nbsp;<\/p>\n\n\n\n<p>Oaxaca de Ju\u00e1rez, Oax., a 31 de diciembre de 2024\/- Este martes, el Consejo General del Instituto Estatal Electoral y de Participaci\u00f3n Ciudadana de Oaxaca aprob\u00f3 diversos acuerdos respecto de las elecciones ordinarias y extraordinarias de municipios regidos por los Sistemas Normativos Ind\u00edgenas.&nbsp;<\/p>\n\n\n\n<p>En Sesi\u00f3n Extraordinaria Urgente se declararon como jur\u00eddicamente no v\u00e1lidas&nbsp;las elecciones ordinarias de concejal\u00edas a los &nbsp;ayuntamientos de San Juan Cotzoc\u00f3n y &nbsp;San Juan Mazatl\u00e1n Mixe.&nbsp;<\/p>\n\n\n\n<p>As\u00ed mismo, se valid\u00f3&nbsp;la elecci\u00f3n extraordinaria de concejal\u00edas al ayuntamiento de Tlacotepec Plumas.<\/p>\n\n\n\n<p>Para finalizar se declar\u00f3 que la elecci\u00f3n de autoridades comunitarias por la cabecera municipal de Santiago Atitl\u00e1n, tiene reconocimiento y validez jur\u00eddica.<\/p>\n\n\n\n<p>Cabe se\u00f1alar que la sesi\u00f3n se llev\u00f3 a cabo en modalidad virtual y cont\u00f3 con la presencia de la Consejera Presidenta, Elizabeth S\u00e1nchez Gonz\u00e1lez; las Consejeras Electorales, Jessica Jazibe Hern\u00e1ndez Garc\u00eda, Zaira Alhel\u00ed Hip\u00f3lito L\u00f3pez, Ana Mar\u00eda M\u00e1rquez Andr\u00e9s y Gabriela Fernanda Espinoza Blancas; los Consejeros Electorales, Alejandro Carrasco Sampedro y Manuel Cort\u00e9s Muriedas; la E.D. de la Secretar\u00eda Ejecutiva, Luisa Rebeca Garza L\u00f3pez y las representaciones de los partidos pol\u00edticos.<\/p>\n","protected":false},"excerpt":{"rendered":"<p>Redacci\u00f3n\/Zona Roja.&nbsp; Oaxaca de Ju\u00e1rez, Oax., a 31 de diciembre de 2024\/- Este martes, el&hellip;<\/p>\n","protected":false},"author":2,"featured_media":68124,"comment_status":"closed","ping_status":"open","sticky":false,"template":"","format":"standard","meta":{"_lmt_disableupdate":"","_lmt_disable":"","_jetpack_memberships_contains_paid_content":false,"footnotes":""},"categories":[109,46],"tags":[2932],"class_list":["post-76016","post","type-post","status-publish","format-standard","has-post-thumbnail","hentry","category-minuto-a-minuto","category-zona-blanca","tag-instituto-estatal-electoral-y-de-participacion-ciudadana-de-oaxaca-ieepco"],"jetpack_featured_media_url":"https:\/\/zonaroja.com.mx\/wp-content\/uploads\/2024\/05\/IEEPCO-1.jpg","jetpack_sharing_enabled":true,"_links":{"self":[{"href":"https:\/\/zonaroja.com.mx\/index.php?rest_route=\/wp\/v2\/posts\/76016","targetHints":{"allow":["GET"]}}],"collection":[{"href":"https:\/\/zonaroja.com.mx\/index.php?rest_route=\/wp\/v2\/posts"}],"about":[{"href":"https:\/\/zonaroja.com.mx\/index.php?rest_route=\/wp\/v2\/types\/post"}],"author":[{"embeddable":true,"href":"https:\/\/zonaroja.com.mx\/index.php?rest_route=\/wp\/v2\/users\/2"}],"replies":[{"embeddable":true,"href":"https:\/\/zonaroja.com.mx\/index.php?rest_route=%2Fwp%2Fv2%2Fcomments&post=76016"}],"version-history":[{"count":1,"href":"https:\/\/zonaroja.com.mx\/index.php?rest_route=\/wp\/v2\/posts\/76016\/revisions"}],"predecessor-version":[{"id":76017,"href":"https:\/\/zonaroja.com.mx\/index.php?rest_route=\/wp\/v2\/posts\/76016\/revisions\/76017"}],"wp:featuredmedia":[{"embeddable":true,"href":"https:\/\/zonaroja.com.mx\/index.php?rest_route=\/wp\/v2\/media\/68124"}],"wp:attachment":[{"href":"https:\/\/zonaroja.com.mx\/index.php?rest_route=%2Fwp%2Fv2%2Fmedia&parent=76016"}],"wp:term":[{"taxonomy":"category","embeddable":true,"href":"https:\/\/zonaroja.com.mx\/index.php?rest_route=%2Fwp%2Fv2%2Fcategories&post=76016"},{"taxonomy":"post_tag","embeddable":true,"href":"https:\/\/zonaroja.com.mx\/index.php?rest_route=%2Fwp%2Fv2%2Ftags&post=76016"}],"curies":[{"name":"wp","href":"https:\/\/api.w.org\/{rel}","templated":true}]}}