{"id":76024,"date":"2025-01-01T07:15:00","date_gmt":"2025-01-01T13:15:00","guid":{"rendered":"https:\/\/zonaroja.com.mx\/?p=76024"},"modified":"2025-01-01T06:26:50","modified_gmt":"2025-01-01T12:26:50","slug":"flavio-sosa-villavicencio-nuevo-titular-de-la-secretaria-de-las-culturas","status":"publish","type":"post","link":"https:\/\/zonaroja.com.mx\/?p=76024","title":{"rendered":"Flavio Sosa Villavicencio, nuevo titular de la Secretar\u00eda de las Culturas"},"content":{"rendered":"\n<p>Redacci\u00f3n\/Zona Roja.<\/p>\n\n\n\n<p>Oaxaca de Ju\u00e1rez, Oax. A 1 de enero de 2025. Como parte de las acciones encaminadas a fortalecer las tareas gubernamentales a favor de las y los oaxaque\u00f1os, el gobernador Salom\u00f3n Jara Cruz design\u00f3 ayer a Flavio Sosa Villavicencio como nuevo titular de la Secretar\u00eda de las Culturas y Artes de Oaxaca (Seculta).<\/p>\n\n\n\n<p>El nuevo encargado de la pol\u00edtica cultural del estado entra en funciones este 1 de enero de 2025, con la encomienda de fortalecer e impulsar el desarrollo de las 16 etnias y pueblo afromexicano que destacan a Oaxaca como el coraz\u00f3n cultural de M\u00e9xico.<\/p>\n\n\n\n<p>El mandatario estatal reconoci\u00f3 la capacidad y experiencia que Flavio Sosa Villavicencio ha demostrado en su administraci\u00f3n, como encargado de la Jefatura del Gabinete y como Coordinador del Gabinete Social.<\/p>\n\n\n\n<p>Adem\u00e1s, destac\u00f3 su trayectoria en la lucha social a lo largo de varios a\u00f1os, as\u00ed como sus cualidades como poeta y escritor.&nbsp;<\/p>\n\n\n\n<p>Sosa Villavicencio agradeci\u00f3 la confianza depositada en esta funci\u00f3n al frente de la Secretar\u00eda de las Culturas y Artes, para avanzar en la ruta de la transformaci\u00f3n de Oaxaca.<\/p>\n","protected":false},"excerpt":{"rendered":"<p>Redacci\u00f3n\/Zona Roja. Oaxaca de Ju\u00e1rez, Oax. A 1 de enero de 2025. Como parte de&hellip;<\/p>\n","protected":false},"author":2,"featured_media":76025,"comment_status":"closed","ping_status":"open","sticky":false,"template":"","format":"standard","meta":{"_lmt_disableupdate":"","_lmt_disable":"","_jetpack_memberships_contains_paid_content":false,"footnotes":""},"categories":[109,46],"tags":[685],"class_list":["post-76024","post","type-post","status-publish","format-standard","has-post-thumbnail","hentry","category-minuto-a-minuto","category-zona-blanca","tag-flavio-sosa-villavicencio"],"jetpack_featured_media_url":"https:\/\/zonaroja.com.mx\/wp-content\/uploads\/2025\/01\/Flavio-Sosa-y-Salomon-Jara.jpg","jetpack_sharing_enabled":true,"_links":{"self":[{"href":"https:\/\/zonaroja.com.mx\/index.php?rest_route=\/wp\/v2\/posts\/76024","targetHints":{"allow":["GET"]}}],"collection":[{"href":"https:\/\/zonaroja.com.mx\/index.php?rest_route=\/wp\/v2\/posts"}],"about":[{"href":"https:\/\/zonaroja.com.mx\/index.php?rest_route=\/wp\/v2\/types\/post"}],"author":[{"embeddable":true,"href":"https:\/\/zonaroja.com.mx\/index.php?rest_route=\/wp\/v2\/users\/2"}],"replies":[{"embeddable":true,"href":"https:\/\/zonaroja.com.mx\/index.php?rest_route=%2Fwp%2Fv2%2Fcomments&post=76024"}],"version-history":[{"count":1,"href":"https:\/\/zonaroja.com.mx\/index.php?rest_route=\/wp\/v2\/posts\/76024\/revisions"}],"predecessor-version":[{"id":76026,"href":"https:\/\/zonaroja.com.mx\/index.php?rest_route=\/wp\/v2\/posts\/76024\/revisions\/76026"}],"wp:featuredmedia":[{"embeddable":true,"href":"https:\/\/zonaroja.com.mx\/index.php?rest_route=\/wp\/v2\/media\/76025"}],"wp:attachment":[{"href":"https:\/\/zonaroja.com.mx\/index.php?rest_route=%2Fwp%2Fv2%2Fmedia&parent=76024"}],"wp:term":[{"taxonomy":"category","embeddable":true,"href":"https:\/\/zonaroja.com.mx\/index.php?rest_route=%2Fwp%2Fv2%2Fcategories&post=76024"},{"taxonomy":"post_tag","embeddable":true,"href":"https:\/\/zonaroja.com.mx\/index.php?rest_route=%2Fwp%2Fv2%2Ftags&post=76024"}],"curies":[{"name":"wp","href":"https:\/\/api.w.org\/{rel}","templated":true}]}}