{"id":76031,"date":"2025-01-01T10:30:00","date_gmt":"2025-01-01T16:30:00","guid":{"rendered":"https:\/\/zonaroja.com.mx\/?p=76031"},"modified":"2025-01-01T07:01:14","modified_gmt":"2025-01-01T13:01:14","slug":"empleado-jubilado-detenido-por-matar-a-ciclista-en-tlalixtac","status":"publish","type":"post","link":"https:\/\/zonaroja.com.mx\/?p=76031","title":{"rendered":"Empleado jubilado, detenido por matar a ciclista en Tlalixtac\u00a0"},"content":{"rendered":"\n<p>Raymundo Morales\/Zona Roja.<\/p>\n\n\n\n<p>Oaxaca de Ju\u00e1rez, Oax., a 1 de enero de 2024.- Como Enrique M. M., de 64 a\u00f1os de edad, fue identificada la persona que habr\u00eda arrollado a dos ciclistas y dado muerte a uno de ellos, el pasado 25 de diciembre, d\u00eda de Navidad, en jurisdicci\u00f3n de Tlalixtac de Cabrera.<\/p>\n\n\n\n<p>Fue el viernes 27 de diciembre en que la Fiscal\u00eda General del Estado de Oaxaca adelant\u00f3 que ten\u00eda avances importantes respecto a los hechos ocurridos en la avenida Ferrocarril, paralela a la carretera federal 190 Oaxaca-Istmo, en la parte posterior del complejo gubernamental de Ciudad Administrativa.<\/p>\n\n\n\n<p>Y el pasado lunes, en conferencia de prensa del gabinete de seguridad, el secretario de Seguridad y Protecci\u00f3n Ciudadana, Iv\u00e1n Garc\u00eda \u00c1lvarez, confirm\u00f3 que ya hab\u00eda detenciones.<\/p>\n\n\n\n<p>Aunque la Fiscal\u00eda no lo ha dado a conocer a trav\u00e9s de un comunicado, se logr\u00f3 establecer que el se\u00f1or Enrique M. M. conduc\u00eda su camioneta marca Nissan, tipo NP300, acompa\u00f1ado de su esposa, la tarde-noche del 25 de diciembre.<\/p>\n\n\n\n<p>Presuntamente en estado de ebriedad, habr\u00edan arrollado a dos ciclistas, uno de los cuales, Manuel Alejandro, perdi\u00f3 la vida, mientras que su padre fue trasladado a un hospital.<\/p>\n\n\n\n<p>Tras ello ha habido rodadas por parte del colectivo \u201cGabi Bici Blanca\u201d, para exigir justicia por la muerte del joven de 22 a\u00f1os de edad; el pasado domingo efectu\u00f3 tambi\u00e9n la colocaci\u00f3n de una bicicleta blanca en la zona del percance.<\/p>\n","protected":false},"excerpt":{"rendered":"<p>Raymundo Morales\/Zona Roja. Oaxaca de Ju\u00e1rez, Oax., a 1 de enero de 2024.- Como Enrique&hellip;<\/p>\n","protected":false},"author":2,"featured_media":75889,"comment_status":"closed","ping_status":"open","sticky":false,"template":"","format":"standard","meta":{"_lmt_disableupdate":"","_lmt_disable":"","_jetpack_memberships_contains_paid_content":false,"footnotes":""},"categories":[109,47],"tags":[],"class_list":["post-76031","post","type-post","status-publish","format-standard","has-post-thumbnail","hentry","category-minuto-a-minuto","category-zona-gris"],"jetpack_featured_media_url":"https:\/\/zonaroja.com.mx\/wp-content\/uploads\/2024\/12\/Camioneta-Nissan-atropellamiento-ciclista-Tlalixtac.jpg","jetpack_sharing_enabled":true,"_links":{"self":[{"href":"https:\/\/zonaroja.com.mx\/index.php?rest_route=\/wp\/v2\/posts\/76031","targetHints":{"allow":["GET"]}}],"collection":[{"href":"https:\/\/zonaroja.com.mx\/index.php?rest_route=\/wp\/v2\/posts"}],"about":[{"href":"https:\/\/zonaroja.com.mx\/index.php?rest_route=\/wp\/v2\/types\/post"}],"author":[{"embeddable":true,"href":"https:\/\/zonaroja.com.mx\/index.php?rest_route=\/wp\/v2\/users\/2"}],"replies":[{"embeddable":true,"href":"https:\/\/zonaroja.com.mx\/index.php?rest_route=%2Fwp%2Fv2%2Fcomments&post=76031"}],"version-history":[{"count":1,"href":"https:\/\/zonaroja.com.mx\/index.php?rest_route=\/wp\/v2\/posts\/76031\/revisions"}],"predecessor-version":[{"id":76032,"href":"https:\/\/zonaroja.com.mx\/index.php?rest_route=\/wp\/v2\/posts\/76031\/revisions\/76032"}],"wp:featuredmedia":[{"embeddable":true,"href":"https:\/\/zonaroja.com.mx\/index.php?rest_route=\/wp\/v2\/media\/75889"}],"wp:attachment":[{"href":"https:\/\/zonaroja.com.mx\/index.php?rest_route=%2Fwp%2Fv2%2Fmedia&parent=76031"}],"wp:term":[{"taxonomy":"category","embeddable":true,"href":"https:\/\/zonaroja.com.mx\/index.php?rest_route=%2Fwp%2Fv2%2Fcategories&post=76031"},{"taxonomy":"post_tag","embeddable":true,"href":"https:\/\/zonaroja.com.mx\/index.php?rest_route=%2Fwp%2Fv2%2Ftags&post=76031"}],"curies":[{"name":"wp","href":"https:\/\/api.w.org\/{rel}","templated":true}]}}