{"id":7604,"date":"2020-01-12T19:25:31","date_gmt":"2020-01-13T01:25:31","guid":{"rendered":"http:\/\/www.zonaroja.com.mx\/?p=7604"},"modified":"2020-01-12T19:25:35","modified_gmt":"2020-01-13T01:25:35","slug":"caso-de-maria-elena-coloco-a-oaxaca-en-orbita-de-impunidad-y-negligencia","status":"publish","type":"post","link":"https:\/\/zonaroja.com.mx\/?p=7604","title":{"rendered":"Caso de Mar\u00eda Elena coloc\u00f3 a Oaxaca en \u00f3rbita de impunidad y negligencia"},"content":{"rendered":"\n<p>Evlin Arag\u00f3n\/Zona\nRoja.<\/p>\n\n\n\n<p>Oaxaca de\nJu\u00e1rez, Oax., 12 de enero de 2020.- El caso del ataque a la joven Mar\u00eda Elena\npuso a Oaxaca en la \u00f3rbita de la impunidad y negligencia, ya que \u00fanicamente\ncobr\u00f3 relevancia y empez\u00f3 a ser atendido porque trascendi\u00f3 a nivel nacional. <\/p>\n\n\n\n<p>\u201cEl Estado\nha sido negligente e impide que las mujeres tengan acceso al derecho a la\njusticia y la reparaci\u00f3n del da\u00f1o para las v\u00edctimas\u201d, expone el diputado por el\nPartido del Trabajo, C\u00e9sar Morales Ni\u00f1o.<\/p>\n\n\n\n<p>En una\npropuesta de Punto de Acuerdo, presentada al pleno de la 64 Legislatura en la\npasada sesi\u00f3n ordinaria y turnada a comisiones, propone que se exija al\ngobierno de Oaxaca que garantice la integridad f\u00edsica y psicol\u00f3gica de Mar\u00eda\nElena y de sus familiares, brindando la atenci\u00f3n integral y especializada sin\nning\u00fan impedimento.<\/p>\n\n\n\n<p>As\u00ed como el\notorgamiento de medidas cautelares por parte de la Defensor\u00eda de los Derechos\nHumanos del Pueblo de Oaxaca.<\/p>\n\n\n\n<p>De la misma\nmanera, que a nivel procuraci\u00f3n de justicia se haga lo necesario para\nesclarecer los hechos y castigar a los responsables, as\u00ed como implementar la\ndebida reparaci\u00f3n del da\u00f1o a la v\u00edctima directa y sus familiares.<\/p>\n\n\n\n<p>El diputado\nMorales Ni\u00f1o no fue el \u00fanico que se refiri\u00f3 al caso, ya que las legisladoras independientes\nAleida Serrano Rosado y Elim Antonio Aquino exhortaron a la Fiscal\u00eda General y\nsu titular para que a la brevedad concluya la integraci\u00f3n del legajo de\ninvestigaci\u00f3n por los actos de violencia y agresi\u00f3n que sufri\u00f3 la joven\nsaxofonista y se le garantice a la v\u00edctima del delito el acceso a peritos de\npsicolog\u00eda para su atenci\u00f3n.<\/p>\n\n\n\n<p>PREOCUPA\nAUMENTO DE VIOLENCIA<\/p>\n\n\n\n<p>En su\ndocumento, manifestaron su preocupaci\u00f3n ante la notable alza de violencia de\ng\u00e9nero y feminicida en Oaxaca que no ha sido atendida en tiempo y forma por las\nautoridades locales, cobrando la vida de 373 mujeres en lo que va de la\nadministraci\u00f3n de Alejandro Murat.<\/p>\n\n\n\n<p>En este\nsentido revelaron que de acuerdo con datos del Secretariado Ejecutivo del\nSistema Nacional de Seguridad P\u00fablica, en el 2017 Oaxaca ocup\u00f3 el segundo lugar\nnacional en agresiones cometidas contra las mujeres, lo que habla de la urgente\nnecesidad de atender la problem\u00e1tica.<\/p>\n\n\n\n<p>As\u00ed mismo\nque el 63.7 por ciento de las oaxaque\u00f1as han sufrido al menos un incidente de\nviolencia de g\u00e9nero a lo largo de su vida de acuerdo con la Encuesta Nacional\nsobre la Din\u00e1mica de las Relaciones en los Hogares (ENDIREH) 2016.<\/p>\n\n\n\n<p>Mediante un\npunto de acuerdo las legisladoras explicaron que conforme a las cifras de la\norganizaci\u00f3n Consorcio Oaxaca, en lo que va de la administraci\u00f3n del Gobernador\nAlejandro Ismael Murat Hinojosa, han sido asesinadas 373 mujeres, de las cuales\n158 ocurrieron despu\u00e9s de la Alerta de G\u00e9nero, lo que habla de una estrategia\nfallida por parte de las autoridades al respecto.<\/p>\n\n\n\n<p>El Punto de\nAcuerdo que presentaron s\u00ed fue avalado por el pleno de la 64 Legislatura e\nincluye la pr\u00f3xima comparecencia del fiscal General del Estado, Rub\u00e9n\nVasconcelos M\u00e9ndez y a la secretaria de las Mujeres, Ana V\u00e1squez Colmenares, a\nfin de conocer las acciones concretas que realizan para cumplir con las leyes\nlocales y nacionales de garantizar una vida libre de violencia a las\noaxaque\u00f1as.<\/p>\n","protected":false},"excerpt":{"rendered":"<p>Evlin Arag\u00f3n\/Zona Roja. Oaxaca de Ju\u00e1rez, Oax., 12 de enero de 2020.- El caso del&hellip;<\/p>\n","protected":false},"author":2,"featured_media":7605,"comment_status":"closed","ping_status":"open","sticky":false,"template":"","format":"standard","meta":{"_lmt_disableupdate":"","_lmt_disable":"","_jetpack_memberships_contains_paid_content":false,"footnotes":""},"categories":[109,47],"tags":[213],"class_list":["post-7604","post","type-post","status-publish","format-standard","has-post-thumbnail","hentry","category-minuto-a-minuto","category-zona-gris","tag-64-legislatura-de-oaxaca"],"jetpack_featured_media_url":"https:\/\/zonaroja.com.mx\/wp-content\/uploads\/2020\/01\/C\u00e1mara-de-Diputados-Oax-5.jpg","jetpack_sharing_enabled":true,"_links":{"self":[{"href":"https:\/\/zonaroja.com.mx\/index.php?rest_route=\/wp\/v2\/posts\/7604","targetHints":{"allow":["GET"]}}],"collection":[{"href":"https:\/\/zonaroja.com.mx\/index.php?rest_route=\/wp\/v2\/posts"}],"about":[{"href":"https:\/\/zonaroja.com.mx\/index.php?rest_route=\/wp\/v2\/types\/post"}],"author":[{"embeddable":true,"href":"https:\/\/zonaroja.com.mx\/index.php?rest_route=\/wp\/v2\/users\/2"}],"replies":[{"embeddable":true,"href":"https:\/\/zonaroja.com.mx\/index.php?rest_route=%2Fwp%2Fv2%2Fcomments&post=7604"}],"version-history":[{"count":1,"href":"https:\/\/zonaroja.com.mx\/index.php?rest_route=\/wp\/v2\/posts\/7604\/revisions"}],"predecessor-version":[{"id":7606,"href":"https:\/\/zonaroja.com.mx\/index.php?rest_route=\/wp\/v2\/posts\/7604\/revisions\/7606"}],"wp:featuredmedia":[{"embeddable":true,"href":"https:\/\/zonaroja.com.mx\/index.php?rest_route=\/wp\/v2\/media\/7605"}],"wp:attachment":[{"href":"https:\/\/zonaroja.com.mx\/index.php?rest_route=%2Fwp%2Fv2%2Fmedia&parent=7604"}],"wp:term":[{"taxonomy":"category","embeddable":true,"href":"https:\/\/zonaroja.com.mx\/index.php?rest_route=%2Fwp%2Fv2%2Fcategories&post=7604"},{"taxonomy":"post_tag","embeddable":true,"href":"https:\/\/zonaroja.com.mx\/index.php?rest_route=%2Fwp%2Fv2%2Ftags&post=7604"}],"curies":[{"name":"wp","href":"https:\/\/api.w.org\/{rel}","templated":true}]}}