{"id":76047,"date":"2025-01-01T18:34:16","date_gmt":"2025-01-02T00:34:16","guid":{"rendered":"https:\/\/zonaroja.com.mx\/?p=76047"},"modified":"2025-01-01T18:34:18","modified_gmt":"2025-01-02T00:34:18","slug":"inicia-el-ano-nuevo-en-oaxaca-con-el-primer-ejecutado","status":"publish","type":"post","link":"https:\/\/zonaroja.com.mx\/?p=76047","title":{"rendered":"Inicia el a\u00f1o nuevo en Oaxaca, con el primer ejecutado"},"content":{"rendered":"\n<p>Ismael Garc\u00eda M.\/Zona Roja.<\/p>\n\n\n\n<p>Oaxaca de Ju\u00e1rez, Oax., a 1 de enero de 2025.- Una persona del sexo masculino fue ejecutada esta madrugada de mi\u00e9rcoles en Juchit\u00e1n de Zaragoza.<\/p>\n\n\n\n<p>Se trata del primer crimen que se registra al iniciar el a\u00f1o nuevo, mientras que la v\u00edspera no se registr\u00f3 ning\u00fan incidente violento en el territorio oaxaque\u00f1o.<\/p>\n\n\n\n<p>Fue en el tramo de la carretera Juchit\u00e1n-La Ventosa en que fue localizado el cuerpo de un individuo, identificado de manera preliminar como Said G. M., de aproximadamente 33 a\u00f1os de edad.<\/p>\n\n\n\n<p>Presentaba m\u00faltiples impactos de arma de fuego y se hallaba a un costado de un veh\u00edculo de motor marca Suzuki, tipo Swift. Hasta el momento se desconoce las causas por las cuales fue ultimado.<\/p>\n\n\n\n<p>Luego del acordonamiento del \u00e1rea por parte de la polic\u00eda municipal, a la zona arribaron elementos de la Vicefiscal\u00eda Regional del Istmo, dependiente de la Fiscal\u00eda General del Estado, con la finalidad de iniciar las indagatorias correspondientes.<\/p>\n\n\n\n<p>Hasta esta tarde, es el \u00fanico hecho delictivo que se ha registrado en la entidad, en el marco de la renovaci\u00f3n de autoridades municipales en m\u00e1s de 500 ayuntamientos.<\/p>\n","protected":false},"excerpt":{"rendered":"<p>Ismael Garc\u00eda M.\/Zona Roja. Oaxaca de Ju\u00e1rez, Oax., a 1 de enero de 2025.- Una&hellip;<\/p>\n","protected":false},"author":2,"featured_media":76048,"comment_status":"closed","ping_status":"open","sticky":false,"template":"","format":"standard","meta":{"_lmt_disableupdate":"","_lmt_disable":"","_jetpack_memberships_contains_paid_content":false,"footnotes":""},"categories":[109,51],"tags":[297],"class_list":["post-76047","post","type-post","status-publish","format-standard","has-post-thumbnail","hentry","category-minuto-a-minuto","category-zona-roja","tag-ejecutado-juchitan"],"jetpack_featured_media_url":"https:\/\/zonaroja.com.mx\/wp-content\/uploads\/2025\/01\/Ejecutado-Juchitan-La-Ventosa-1-de-enero.jpeg","jetpack_sharing_enabled":true,"_links":{"self":[{"href":"https:\/\/zonaroja.com.mx\/index.php?rest_route=\/wp\/v2\/posts\/76047","targetHints":{"allow":["GET"]}}],"collection":[{"href":"https:\/\/zonaroja.com.mx\/index.php?rest_route=\/wp\/v2\/posts"}],"about":[{"href":"https:\/\/zonaroja.com.mx\/index.php?rest_route=\/wp\/v2\/types\/post"}],"author":[{"embeddable":true,"href":"https:\/\/zonaroja.com.mx\/index.php?rest_route=\/wp\/v2\/users\/2"}],"replies":[{"embeddable":true,"href":"https:\/\/zonaroja.com.mx\/index.php?rest_route=%2Fwp%2Fv2%2Fcomments&post=76047"}],"version-history":[{"count":1,"href":"https:\/\/zonaroja.com.mx\/index.php?rest_route=\/wp\/v2\/posts\/76047\/revisions"}],"predecessor-version":[{"id":76049,"href":"https:\/\/zonaroja.com.mx\/index.php?rest_route=\/wp\/v2\/posts\/76047\/revisions\/76049"}],"wp:featuredmedia":[{"embeddable":true,"href":"https:\/\/zonaroja.com.mx\/index.php?rest_route=\/wp\/v2\/media\/76048"}],"wp:attachment":[{"href":"https:\/\/zonaroja.com.mx\/index.php?rest_route=%2Fwp%2Fv2%2Fmedia&parent=76047"}],"wp:term":[{"taxonomy":"category","embeddable":true,"href":"https:\/\/zonaroja.com.mx\/index.php?rest_route=%2Fwp%2Fv2%2Fcategories&post=76047"},{"taxonomy":"post_tag","embeddable":true,"href":"https:\/\/zonaroja.com.mx\/index.php?rest_route=%2Fwp%2Fv2%2Ftags&post=76047"}],"curies":[{"name":"wp","href":"https:\/\/api.w.org\/{rel}","templated":true}]}}