{"id":76050,"date":"2025-01-01T20:17:27","date_gmt":"2025-01-02T02:17:27","guid":{"rendered":"https:\/\/zonaroja.com.mx\/?p=76050"},"modified":"2025-01-01T20:17:29","modified_gmt":"2025-01-02T02:17:29","slug":"atentado-terrorista-en-nueva-orleans-deja-15-muertos","status":"publish","type":"post","link":"https:\/\/zonaroja.com.mx\/?p=76050","title":{"rendered":"Atentado terrorista en Nueva Orleans deja 15 muertos\u00a0"},"content":{"rendered":"\n<p>Redacci\u00f3n\/Zona Roja Cdmx.<\/p>\n\n\n\n<p>Ciudad de M\u00e9xico, a 1 de enero de 2025.- Un ataque Nueva Orleans, Estados Unidos, ocurrido alrededor de las 03:15 hora local (09:15 GMT), dej\u00f3 un saldo de al menos 15 muertos, seg\u00fan inform\u00f3 la Oficina Forense.<\/p>\n\n\n\n<p>En la madrugada de a\u00f1o nuevo, un veh\u00edculo embisti\u00f3 deliberadamente a un grupo de personas que celebraban los festejos en el centro de la ciudad.<\/p>\n\n\n\n<p>El atacante fue identificado como Shamsud-Din Bahar Jabbar, un ciudadano estadounidense de 42 a\u00f1os, quien, de acuerdo con investigaciones preliminares, habr\u00eda manifestado en redes sociales su afinidad con el Estado Isl\u00e1mico (EI).<\/p>\n\n\n\n<p>En un video publicado en dichas plataformas, Jabbar expres\u00f3 abiertamente su \u201cdeseo de matar\u201d. Este ataque termin\u00f3 con la muerte del autor.<\/p>\n\n\n\n<p>Apenas unas horas despu\u00e9s, en la ciudad de Las Vegas, un veh\u00edculo explot\u00f3 frente al Trump Hotel, lo que llev\u00f3 a catalogar el incidente como un posible acto terrorista.&nbsp;<\/p>\n\n\n\n<p>Las autoridades informaron que el conductor del autom\u00f3vil en este incidente tambi\u00e9n perdi\u00f3 la vida, aunque su identidad no ha sido revelada.<\/p>\n\n\n\n<p>MEXICANOS HERIDOS<\/p>\n\n\n\n<p>La Secretar\u00eda de Relaciones Exteriores (SRE) inform\u00f3 que las autoridades de Estados Unidos acaban de confirmar que dos personas mexicanas resultaron afectadas por el lamentable atentado ocurrido en la madrugada de hoy en Nueva Orleans y asegur\u00f3 que ambos se reportan estables.<\/p>\n\n\n\n<p>A su vez, la presidenta de M\u00e9xico, Claudia Sheinbaum Pardo, conden\u00f3 el atropello masivo durante los festejos por a\u00f1o nuevo, que hasta el momento ha dejado 15 personas sin vida, y envi\u00f3 sus condolencias al pueblo de los Estados Unidos.<\/p>\n\n\n\n<p>\u201cCondenamos el atentado ocurrido el d\u00eda de hoy en Nueva Orleans. Nuestra solidaridad con las familias de las v\u00edctimas y con el pueblo de los Estados Unidos\u201d, expres\u00f3 la mandataria mexicana a trav\u00e9s de sus redes sociales.<\/p>\n\n\n\n<p>La investigaci\u00f3n en curso vinculada al atropello masivo en Nueva Orleans y la explosi\u00f3n de un veh\u00edculo en Las Vegas contin\u00faa avanzando. Ambos incidentes, ocurridos con pocas horas de diferencia el 1 de enero, han generado una fuerte atenci\u00f3n de las autoridades estadounidenses, quienes no descartan a\u00fan una posible conexi\u00f3n entre los hechos.<\/p>\n\n\n\n<p>Desde Camp David, el presidente Joe Biden se pronunci\u00f3 sobre la gravedad de los hechos y confirm\u00f3 que las investigaciones exploran la posibilidad de que ambos eventos est\u00e9n relacionados. Sin embargo, destac\u00f3 que \u201cno hay nada que informar al respecto en este momento\u201d, subrayando lo preliminar de las indagaciones.<\/p>\n\n\n\n<p>(Informaci\u00f3n de Infobae M\u00e9xico)<\/p>\n","protected":false},"excerpt":{"rendered":"<p>Redacci\u00f3n\/Zona Roja Cdmx. Ciudad de M\u00e9xico, a 1 de enero de 2025.- Un ataque Nueva&hellip;<\/p>\n","protected":false},"author":2,"featured_media":76052,"comment_status":"closed","ping_status":"open","sticky":false,"template":"","format":"standard","meta":{"_lmt_disableupdate":"","_lmt_disable":"","_jetpack_memberships_contains_paid_content":false,"footnotes":""},"categories":[109,47],"tags":[4153],"class_list":["post-76050","post","type-post","status-publish","format-standard","has-post-thumbnail","hentry","category-minuto-a-minuto","category-zona-gris","tag-nueva-orleans"],"jetpack_featured_media_url":"https:\/\/zonaroja.com.mx\/wp-content\/uploads\/2025\/01\/Atentado-en-Nueva-Orleans.avif","jetpack_sharing_enabled":true,"_links":{"self":[{"href":"https:\/\/zonaroja.com.mx\/index.php?rest_route=\/wp\/v2\/posts\/76050","targetHints":{"allow":["GET"]}}],"collection":[{"href":"https:\/\/zonaroja.com.mx\/index.php?rest_route=\/wp\/v2\/posts"}],"about":[{"href":"https:\/\/zonaroja.com.mx\/index.php?rest_route=\/wp\/v2\/types\/post"}],"author":[{"embeddable":true,"href":"https:\/\/zonaroja.com.mx\/index.php?rest_route=\/wp\/v2\/users\/2"}],"replies":[{"embeddable":true,"href":"https:\/\/zonaroja.com.mx\/index.php?rest_route=%2Fwp%2Fv2%2Fcomments&post=76050"}],"version-history":[{"count":1,"href":"https:\/\/zonaroja.com.mx\/index.php?rest_route=\/wp\/v2\/posts\/76050\/revisions"}],"predecessor-version":[{"id":76053,"href":"https:\/\/zonaroja.com.mx\/index.php?rest_route=\/wp\/v2\/posts\/76050\/revisions\/76053"}],"wp:featuredmedia":[{"embeddable":true,"href":"https:\/\/zonaroja.com.mx\/index.php?rest_route=\/wp\/v2\/media\/76052"}],"wp:attachment":[{"href":"https:\/\/zonaroja.com.mx\/index.php?rest_route=%2Fwp%2Fv2%2Fmedia&parent=76050"}],"wp:term":[{"taxonomy":"category","embeddable":true,"href":"https:\/\/zonaroja.com.mx\/index.php?rest_route=%2Fwp%2Fv2%2Fcategories&post=76050"},{"taxonomy":"post_tag","embeddable":true,"href":"https:\/\/zonaroja.com.mx\/index.php?rest_route=%2Fwp%2Fv2%2Ftags&post=76050"}],"curies":[{"name":"wp","href":"https:\/\/api.w.org\/{rel}","templated":true}]}}