{"id":76057,"date":"2025-01-02T06:52:26","date_gmt":"2025-01-02T12:52:26","guid":{"rendered":"https:\/\/zonaroja.com.mx\/?p=76057"},"modified":"2025-01-02T06:52:28","modified_gmt":"2025-01-02T12:52:28","slug":"ejecutan-a-un-hombre-y-a-una-mujer-en-la-region-del-istmo","status":"publish","type":"post","link":"https:\/\/zonaroja.com.mx\/?p=76057","title":{"rendered":"Ejecutan a un hombre y a una mujer en la regi\u00f3n del Istmo"},"content":{"rendered":"\n<p>Raymundo Morales\/Zona Roja.<\/p>\n\n\n\n<p>Oaxaca de Ju\u00e1rez, Oax., a 2 de enero de 2024.- A tres ascendi\u00f3 el n\u00famero de personas asesinadas el primer d\u00eda del a\u00f1o en la regi\u00f3n del Istmo de Tehuantepec.<\/p>\n\n\n\n<p>El m\u00e1s reciente caso ocurri\u00f3 anoche en el municipio de Ciudad Ixtepec, en que ejecutaron a balazos a un hombre, Alfredo H. E., alias \u201cEl Venado\u201d, y una mujer al parecer embarazada.<\/p>\n\n\n\n<p>La agresi\u00f3n armada ocurri\u00f3 cuando viajaban a bordo de su veh\u00edculo marca Volkswagen, tipo Jetta, sobre la calle Isabel La Cat\u00f3lica esquina con Prolongaci\u00f3n Oaxaca, del barrio San Antonio.<\/p>\n\n\n\n<p>Presuntamente fueron dos individuos a bordo de una motocicleta quienes dispararon en contra de las v\u00edctimas. El caso es indagado por la Vicefiscal\u00eda Regional del Istmo.<\/p>\n\n\n\n<p>Por la ma\u00f1ana, en Juchit\u00e1n de Zaragoza, carretera a la agencia La Ventosa, fue hallado un cuerpo sin vida, con m\u00faltiples impactos de arma de fuego, a un costado de un coche.<\/p>\n\n\n\n<p>La v\u00edctima del sexo masculino a\u00fan no ha sido identificada y contin\u00faan las indagatorias para dar con la identidad al igual que el m\u00f3vil del crimen y los probables homicidas.<\/p>\n\n\n\n<p>Por otra parte, tambi\u00e9n en Juchit\u00e1n, una persona result\u00f3 lesionada de bala al resistirse a un asalto, en el callej\u00f3n Angelica Pipi. El hombre dijo llamarse Jonathan A. D. R., de 35 a\u00f1os de edad, y originario de Salina Cruz, quien fue trasladado a un nosocomio.<\/p>\n","protected":false},"excerpt":{"rendered":"<p>Raymundo Morales\/Zona Roja. Oaxaca de Ju\u00e1rez, Oax., a 2 de enero de 2024.- A tres&hellip;<\/p>\n","protected":false},"author":2,"featured_media":76058,"comment_status":"closed","ping_status":"open","sticky":false,"template":"","format":"standard","meta":{"_lmt_disableupdate":"","_lmt_disable":"","_jetpack_memberships_contains_paid_content":false,"footnotes":""},"categories":[109,51],"tags":[703],"class_list":["post-76057","post","type-post","status-publish","format-standard","has-post-thumbnail","hentry","category-minuto-a-minuto","category-zona-roja","tag-ciudad-ixtepec"],"jetpack_featured_media_url":"https:\/\/zonaroja.com.mx\/wp-content\/uploads\/2025\/01\/Dos-ejecutados-Ciudad-ixtepec.jpg","jetpack_sharing_enabled":true,"_links":{"self":[{"href":"https:\/\/zonaroja.com.mx\/index.php?rest_route=\/wp\/v2\/posts\/76057","targetHints":{"allow":["GET"]}}],"collection":[{"href":"https:\/\/zonaroja.com.mx\/index.php?rest_route=\/wp\/v2\/posts"}],"about":[{"href":"https:\/\/zonaroja.com.mx\/index.php?rest_route=\/wp\/v2\/types\/post"}],"author":[{"embeddable":true,"href":"https:\/\/zonaroja.com.mx\/index.php?rest_route=\/wp\/v2\/users\/2"}],"replies":[{"embeddable":true,"href":"https:\/\/zonaroja.com.mx\/index.php?rest_route=%2Fwp%2Fv2%2Fcomments&post=76057"}],"version-history":[{"count":1,"href":"https:\/\/zonaroja.com.mx\/index.php?rest_route=\/wp\/v2\/posts\/76057\/revisions"}],"predecessor-version":[{"id":76059,"href":"https:\/\/zonaroja.com.mx\/index.php?rest_route=\/wp\/v2\/posts\/76057\/revisions\/76059"}],"wp:featuredmedia":[{"embeddable":true,"href":"https:\/\/zonaroja.com.mx\/index.php?rest_route=\/wp\/v2\/media\/76058"}],"wp:attachment":[{"href":"https:\/\/zonaroja.com.mx\/index.php?rest_route=%2Fwp%2Fv2%2Fmedia&parent=76057"}],"wp:term":[{"taxonomy":"category","embeddable":true,"href":"https:\/\/zonaroja.com.mx\/index.php?rest_route=%2Fwp%2Fv2%2Fcategories&post=76057"},{"taxonomy":"post_tag","embeddable":true,"href":"https:\/\/zonaroja.com.mx\/index.php?rest_route=%2Fwp%2Fv2%2Ftags&post=76057"}],"curies":[{"name":"wp","href":"https:\/\/api.w.org\/{rel}","templated":true}]}}