{"id":76063,"date":"2025-01-02T09:19:00","date_gmt":"2025-01-02T15:19:00","guid":{"rendered":"https:\/\/zonaroja.com.mx\/?p=76063"},"modified":"2025-01-02T07:20:49","modified_gmt":"2025-01-02T13:20:49","slug":"deja-el-1-de-enero-al-menos-tres-muertes-por-accidentes-viales","status":"publish","type":"post","link":"https:\/\/zonaroja.com.mx\/?p=76063","title":{"rendered":"Deja el 1 de enero al menos tres muertes por accidentes viales"},"content":{"rendered":"\n<p>Ismael Garc\u00eda M.\/Zona Roja.<\/p>\n\n\n\n<p>Oaxaca de Ju\u00e1rez, Oax., a 2 de enero de 2024.- Al menos tres personas perdieron la vida en Oaxaca a causa de accidentes viales, el primer d\u00eda del a\u00f1o 2025.-&nbsp;<\/p>\n\n\n\n<p>En la supercarretera Oaxaca-Cuacnopalan, a la altura del kil\u00f3metro 150, una vagoneta se impact\u00f3 contra otra unidad de motor, lo que origin\u00f3 que volcara y se incendiara.<\/p>\n\n\n\n<p>El conductor muri\u00f3 calcinado y hasta el momento no se tienen mayores datos acerca de su identidad.<\/p>\n\n\n\n<p>Mientras tanto, en la regi\u00f3n del Istmo ocurri\u00f3 otro percance fatal, en que un veh\u00edculo compacto se impact\u00f3 contra un autob\u00fas estacionado, en el tramo carretero que une a Juchit\u00e1n de Zaragoza con el municipio de El Espinal.<\/p>\n\n\n\n<p>La v\u00edctima fue identificada como Samuel S. F., quien supuestamente conduc\u00eda a alta velocidad.<\/p>\n\n\n\n<p>Por otra parte, ayer se report\u00f3 la muerte de una de las personas lesionadas durante un percance ocurrido el pasado 25 de diciembre en la supercarretera Oaxaca-Cuacnopalan, a la altura de San Andr\u00e9s Zautla.<\/p>\n\n\n\n<p>Se trata de Donato H., integrante de la agrupaci\u00f3n musical \u201cLobo Mixteco\u201d, quienes sufrieron el accidente.<\/p>\n\n\n\n<p>Mientras que la v\u00edspera, el d\u00eda 31 de enero, ocurri\u00f3 otro incidente grave, con el ch\u00f3quenlos de dos unidades de motor en la misma supercarretera Oaxaca-Cuacnopalan, tramo San Pablo Huitzo-Asunci\u00f3n Nochixtl\u00e1n.<\/p>\n\n\n\n<p>En el lugar perdieron la vida tres personas, un hombre de 34 a\u00f1os de edad, una mujer de 33 a\u00f1os y la hija de ambos, de 13 a\u00f1os de edad; ademas, huno al menos ocho personas lesionadas.<\/p>\n","protected":false},"excerpt":{"rendered":"<p>Ismael Garc\u00eda M.\/Zona Roja. Oaxaca de Ju\u00e1rez, Oax., a 2 de enero de 2024.- Al&hellip;<\/p>\n","protected":false},"author":2,"featured_media":76064,"comment_status":"closed","ping_status":"open","sticky":false,"template":"","format":"standard","meta":{"_lmt_disableupdate":"","_lmt_disable":"","_jetpack_memberships_contains_paid_content":false,"footnotes":""},"categories":[109,47],"tags":[3416],"class_list":["post-76063","post","type-post","status-publish","format-standard","has-post-thumbnail","hentry","category-minuto-a-minuto","category-zona-gris","tag-accidentes-carreteros-oaxaca"],"jetpack_featured_media_url":"https:\/\/zonaroja.com.mx\/wp-content\/uploads\/2025\/01\/Accidente-supercarretera-Oaxaca.jpeg","jetpack_sharing_enabled":true,"_links":{"self":[{"href":"https:\/\/zonaroja.com.mx\/index.php?rest_route=\/wp\/v2\/posts\/76063","targetHints":{"allow":["GET"]}}],"collection":[{"href":"https:\/\/zonaroja.com.mx\/index.php?rest_route=\/wp\/v2\/posts"}],"about":[{"href":"https:\/\/zonaroja.com.mx\/index.php?rest_route=\/wp\/v2\/types\/post"}],"author":[{"embeddable":true,"href":"https:\/\/zonaroja.com.mx\/index.php?rest_route=\/wp\/v2\/users\/2"}],"replies":[{"embeddable":true,"href":"https:\/\/zonaroja.com.mx\/index.php?rest_route=%2Fwp%2Fv2%2Fcomments&post=76063"}],"version-history":[{"count":1,"href":"https:\/\/zonaroja.com.mx\/index.php?rest_route=\/wp\/v2\/posts\/76063\/revisions"}],"predecessor-version":[{"id":76065,"href":"https:\/\/zonaroja.com.mx\/index.php?rest_route=\/wp\/v2\/posts\/76063\/revisions\/76065"}],"wp:featuredmedia":[{"embeddable":true,"href":"https:\/\/zonaroja.com.mx\/index.php?rest_route=\/wp\/v2\/media\/76064"}],"wp:attachment":[{"href":"https:\/\/zonaroja.com.mx\/index.php?rest_route=%2Fwp%2Fv2%2Fmedia&parent=76063"}],"wp:term":[{"taxonomy":"category","embeddable":true,"href":"https:\/\/zonaroja.com.mx\/index.php?rest_route=%2Fwp%2Fv2%2Fcategories&post=76063"},{"taxonomy":"post_tag","embeddable":true,"href":"https:\/\/zonaroja.com.mx\/index.php?rest_route=%2Fwp%2Fv2%2Ftags&post=76063"}],"curies":[{"name":"wp","href":"https:\/\/api.w.org\/{rel}","templated":true}]}}