{"id":76066,"date":"2025-01-02T08:27:38","date_gmt":"2025-01-02T14:27:38","guid":{"rendered":"https:\/\/zonaroja.com.mx\/?p=76066"},"modified":"2025-01-02T08:27:39","modified_gmt":"2025-01-02T14:27:39","slug":"por-primera-vez-santa-lucia-del-camino-transita-en-gobernabilidad","status":"publish","type":"post","link":"https:\/\/zonaroja.com.mx\/?p=76066","title":{"rendered":"Por primera vez, Santa Luc\u00eda del Camino transita en gobernabilidad"},"content":{"rendered":"\n<p>Ismael Garc\u00eda M.\/Zona Roja.<\/p>\n\n\n\n<p>Santa Luc\u00eda del Camino, Oax., a 2 de enero de 2024.- \u201cLes pido nuevamente su confianza para seguir la transformaci\u00f3n de Santa Luc\u00eda del Camino y buscar la consolidaci\u00f3n de convertirnos de uno de los municipios de los Valles Centrales de mayor prosperidad, a trav\u00e9s del trabajo con resultados tangibles en materia de seguridad, obras, agua potable y dem\u00e1s de acciones en que basamos nuestro gobierno en el periodo anterior\u201d.<\/p>\n\n\n\n<p>Bajo esas consideraciones, este 1 de enero Juan Carlos Garc\u00eda M\u00e1rquez rindi\u00f3 protesta como presidente municipal para un segundo lapso, con la presencia del consejero Jur\u00eddico del gobierno de Oaxaca, Geovany V\u00e1squez Sagrero, quien acudi\u00f3 con la representaci\u00f3n del mandatario Salom\u00f3n Jara Cruz.<\/p>\n\n\n\n<p>Durante la sesi\u00f3n solemne efectuada en la explanada municipal, el edil emanado del Partido Morena expuso que por primera vez en la historia, se logr\u00f3 la gobernabilidad tan deseada, que hace mucho tiempo no se ve\u00eda en dicho municipio conurbado a la capital.<\/p>\n\n\n\n<p>\u201cEs un privilegio estar con ustedes como lo hice hace tres a\u00f1os cuando me dieron la oportunidad de servirles; agradezco a mi familia por su comprensi\u00f3n, amor y apoyo\u201d, expres\u00f3, en presencia de su esposa Bety Santos y dem\u00e1s ac\u00e9ranos.<\/p>\n\n\n\n<p>Rememor\u00f3 que hace tres a\u00f1os recibi\u00f3 un ayuntamiento y un palacio sin nada, vac\u00edo, sin servicios, sin documentaci\u00f3n, sin un proceso de entrega-recepci\u00f3n, \u201cen pocas palabras sin gobierno, dejando a la ciudadan\u00eda a la deriva.<\/p>\n\n\n\n<p>\u201cHace unos d\u00edas llevamos a cabo el proceso de entrega recepci\u00f3n, por primera vez en la historia, gracias a lo cual los servicios no fueron interrumpidos\u201d, destac\u00f3 Garc\u00eda M\u00e1rquez.<\/p>\n\n\n\n<p>Expuso que hace tres a\u00f1os s\u00f3lo les heredaron problemas; no dejaron patrullas, recogieron los camiones recolectores de basura, deb\u00edan rentas, meses de luz, quedaron a deber sueldos.<\/p>\n\n\n\n<p>\u201cEn un principio de justicia se hizo un procedimiento legal para aquellos que con sus actos da\u00f1aron al erario, y claro, que respondan por sus malas acciones.<\/p>\n\n\n\n<p>\u201cHoy es distinto, hay gobernabilidad y damos certeza a los habitantes, porque hay un gobierno comprometido con la honestidad y la transformaci\u00f3n, comprometido con el bienestar de las familias\u201d, a\u00f1adi\u00f3 en su mensaje.<\/p>\n\n\n\n<p>\u201cEn tres a\u00f1os he puesto mucha atenci\u00f3n al pueblo y seguir\u00e9 poniendo, seguir\u00e9 al servicio de los ciudadanos a todas horas; he puesto el coraz\u00f3n y el alma en un proyecto de transformaci\u00f3n que ha alcanzado logros como nunca, que ha tra\u00eddo bienestar y mejores condiciones en la calidad de nuestros habitantes\u201d, remarc\u00f3.<\/p>\n\n\n\n<p>El presidente municipal enfatiz\u00f3:<\/p>\n\n\n\n<p>\u201cHoy tenemos un municipio con cuentas claras, pr\u00f3spero y con miras de convertirnos en un ejemplo municipal que cuando se gobierna sin buscar un lucro alguno, con el \u00fanico objetivo de servir, lograremos seguir transformando\u201d.<\/p>\n\n\n\n<p>Los integrantes del Cabildo que tomaron protesta son, adem\u00e1s del edil, Agripina Aguilar Jer\u00f3nimo, Rub\u00e9n Cruz Garc\u00eda, M\u00edriam Ortiz P\u00e9rez, Tom\u00e1s Flavio Cort\u00e9s Vicente, Lilia, del Carmen Sumano Juan, Isidro Le\u00f3n D\u00edaz Mancera, Andrea Jaqueline Tejada Garc\u00e9s, Diana Isabel Maldonado Garc\u00eda, Luis Rey L\u00f3pez, Adriana Rafaela D\u00edaz Garc\u00eda, Ader Reyes M\u00e9ndez, Griselda X\u00f3chitl V\u00e1squez.<\/p>\n\n\n\n<figure class=\"wp-block-embed is-type-rich is-provider-twitter wp-block-embed-twitter\"><div class=\"wp-block-embed__wrapper\">\n<div class=\"twitter-tweet\"><blockquote class=\"twitter-tweet\" data-lang=\"es\"><p lang=\"es\" dir=\"ltr\">La ceremonia de toma de protesta del edil de Santa Luc\u00eda del Camino, <a href=\"https:\/\/twitter.com\/JC_GMarquez?ref_src=twsrc%5Etfw\">@JC_GMarquez<\/a>, fue atestiguada por el titular de la <a href=\"https:\/\/twitter.com\/ConsejeriaOax?ref_src=twsrc%5Etfw\">@ConsejeriaOax<\/a>, <a href=\"https:\/\/twitter.com\/geovanyvasquez?ref_src=twsrc%5Etfw\">@geovanyvasquez<\/a>, quien acudi\u00f3 con la representaci\u00f3n del gobernador <a href=\"https:\/\/twitter.com\/salomonj?ref_src=twsrc%5Etfw\">@salomonj<\/a>. <br><br>En su seguido periodo al frente del ayuntamiento, el presidente\u2026 <a href=\"https:\/\/t.co\/ZCnejZ51q2\">pic.twitter.com\/ZCnejZ51q2<\/a><\/p>&mdash; Zona Roja Oaxaca (@ZonaRoja_Oaxaca) <a href=\"https:\/\/twitter.com\/ZonaRoja_Oaxaca\/status\/1874599218238652479?ref_src=twsrc%5Etfw\">1 de enero de 2025<\/a><\/blockquote><\/div>\n<\/div><\/figure>\n","protected":false},"excerpt":{"rendered":"<p>Ismael Garc\u00eda M.\/Zona Roja. Santa Luc\u00eda del Camino, Oax., a 2 de enero de 2024.-&hellip;<\/p>\n","protected":false},"author":2,"featured_media":76067,"comment_status":"closed","ping_status":"open","sticky":false,"template":"","format":"standard","meta":{"_lmt_disableupdate":"","_lmt_disable":"","_jetpack_memberships_contains_paid_content":false,"footnotes":""},"categories":[109,46],"tags":[2533],"class_list":["post-76066","post","type-post","status-publish","format-standard","has-post-thumbnail","hentry","category-minuto-a-minuto","category-zona-blanca","tag-juan-carlos-garcia-marquez"],"jetpack_featured_media_url":"https:\/\/zonaroja.com.mx\/wp-content\/uploads\/2025\/01\/Santa-Lucia-del-Camino.jpeg","jetpack_sharing_enabled":true,"_links":{"self":[{"href":"https:\/\/zonaroja.com.mx\/index.php?rest_route=\/wp\/v2\/posts\/76066","targetHints":{"allow":["GET"]}}],"collection":[{"href":"https:\/\/zonaroja.com.mx\/index.php?rest_route=\/wp\/v2\/posts"}],"about":[{"href":"https:\/\/zonaroja.com.mx\/index.php?rest_route=\/wp\/v2\/types\/post"}],"author":[{"embeddable":true,"href":"https:\/\/zonaroja.com.mx\/index.php?rest_route=\/wp\/v2\/users\/2"}],"replies":[{"embeddable":true,"href":"https:\/\/zonaroja.com.mx\/index.php?rest_route=%2Fwp%2Fv2%2Fcomments&post=76066"}],"version-history":[{"count":1,"href":"https:\/\/zonaroja.com.mx\/index.php?rest_route=\/wp\/v2\/posts\/76066\/revisions"}],"predecessor-version":[{"id":76068,"href":"https:\/\/zonaroja.com.mx\/index.php?rest_route=\/wp\/v2\/posts\/76066\/revisions\/76068"}],"wp:featuredmedia":[{"embeddable":true,"href":"https:\/\/zonaroja.com.mx\/index.php?rest_route=\/wp\/v2\/media\/76067"}],"wp:attachment":[{"href":"https:\/\/zonaroja.com.mx\/index.php?rest_route=%2Fwp%2Fv2%2Fmedia&parent=76066"}],"wp:term":[{"taxonomy":"category","embeddable":true,"href":"https:\/\/zonaroja.com.mx\/index.php?rest_route=%2Fwp%2Fv2%2Fcategories&post=76066"},{"taxonomy":"post_tag","embeddable":true,"href":"https:\/\/zonaroja.com.mx\/index.php?rest_route=%2Fwp%2Fv2%2Ftags&post=76066"}],"curies":[{"name":"wp","href":"https:\/\/api.w.org\/{rel}","templated":true}]}}