{"id":76071,"date":"2025-01-02T12:30:00","date_gmt":"2025-01-02T18:30:00","guid":{"rendered":"https:\/\/zonaroja.com.mx\/?p=76071"},"modified":"2025-01-02T08:32:51","modified_gmt":"2025-01-02T14:32:51","slug":"asegura-dirigente-que-gobiernos-emanados-de-morena-daran-resultados","status":"publish","type":"post","link":"https:\/\/zonaroja.com.mx\/?p=76071","title":{"rendered":"Asegura dirigente que gobiernos emanados de Morena dar\u00e1n resultados"},"content":{"rendered":"\n<p>Redacci\u00f3n\/Zona Roja.<\/p>\n\n\n\n<p>Oaxaca de Ju\u00e1rez, Oax., a 2 de enero de 2025.- El presidente del Comit\u00e9 Ejecutivo Estatal de Morena en Oaxaca (CEE), Emmanuel Navarro, llam\u00f3 a las nuevas autoridades municipales emanadas de este movimiento, a gobernar bajo los principios rectores del mismo.<\/p>\n\n\n\n<p>Afirm\u00f3 que har\u00e1n un trabajo de 10, ya que tienen la encomienda de conducir su actuar con honradez, humildad, transparencia, y aplicar una de las m\u00e1ximas de la Cuarta Transformaci\u00f3n; el humanismo mexicano.<\/p>\n\n\n\n<p>\u201cDesde esta dirigencia se acompa\u00f1ar\u00e1n a las mujeres y hombres que, bajo las siglas de Morena, obtuvieron la confianza ciudadana: a presidentas y presidentes municipales, s\u00edndicas, s\u00edndicos, regidoras y regidores, para que puedan desempe\u00f1ar adecuadamente su encargo, con total respeto a la autonom\u00eda y vida interna de los cabildos\u201d, afirm\u00f3 Emmanuel Navarro.<\/p>\n\n\n\n<p>Inform\u00f3 que, durante las reuniones informativas y distritales se entreg\u00f3 a las entonces autoridades electas el Dec\u00e1logo para las Autoridades Municipales Emanadas de Morena, el cual es una carta compromiso que consta de 10 principios para regir su conducta.<\/p>\n\n\n\n<p>El l\u00edder del partido guinda precis\u00f3 que, quienes llegan a estos cargos de elecci\u00f3n popular se deben a la voluntad del pueblo, por lo que cuentan con el compromiso moral y la iniciativa de trabajar por el bienestar colectivo.<\/p>\n\n\n\n<p>Hizo la invitaci\u00f3n a las autoridades de representaci\u00f3n proporcional a no ser \u201coposici\u00f3n\u201d del desarrollo de las municipalidades sino testigos y apoyo de la transformaci\u00f3n que da continuidad y, en algunos casos, que comienza en los pueblos de Oaxaca.<\/p>\n","protected":false},"excerpt":{"rendered":"<p>Redacci\u00f3n\/Zona Roja. Oaxaca de Ju\u00e1rez, Oax., a 2 de enero de 2025.- El presidente del&hellip;<\/p>\n","protected":false},"author":2,"featured_media":76072,"comment_status":"closed","ping_status":"open","sticky":false,"template":"","format":"standard","meta":{"_lmt_disableupdate":"","_lmt_disable":"","_jetpack_memberships_contains_paid_content":false,"footnotes":""},"categories":[109,46],"tags":[4128],"class_list":["post-76071","post","type-post","status-publish","format-standard","has-post-thumbnail","hentry","category-minuto-a-minuto","category-zona-blanca","tag-emmanuel-navarro-jara"],"jetpack_featured_media_url":"https:\/\/zonaroja.com.mx\/wp-content\/uploads\/2025\/01\/Emanuel-Navarro-Jara.jpg","jetpack_sharing_enabled":true,"_links":{"self":[{"href":"https:\/\/zonaroja.com.mx\/index.php?rest_route=\/wp\/v2\/posts\/76071","targetHints":{"allow":["GET"]}}],"collection":[{"href":"https:\/\/zonaroja.com.mx\/index.php?rest_route=\/wp\/v2\/posts"}],"about":[{"href":"https:\/\/zonaroja.com.mx\/index.php?rest_route=\/wp\/v2\/types\/post"}],"author":[{"embeddable":true,"href":"https:\/\/zonaroja.com.mx\/index.php?rest_route=\/wp\/v2\/users\/2"}],"replies":[{"embeddable":true,"href":"https:\/\/zonaroja.com.mx\/index.php?rest_route=%2Fwp%2Fv2%2Fcomments&post=76071"}],"version-history":[{"count":1,"href":"https:\/\/zonaroja.com.mx\/index.php?rest_route=\/wp\/v2\/posts\/76071\/revisions"}],"predecessor-version":[{"id":76073,"href":"https:\/\/zonaroja.com.mx\/index.php?rest_route=\/wp\/v2\/posts\/76071\/revisions\/76073"}],"wp:featuredmedia":[{"embeddable":true,"href":"https:\/\/zonaroja.com.mx\/index.php?rest_route=\/wp\/v2\/media\/76072"}],"wp:attachment":[{"href":"https:\/\/zonaroja.com.mx\/index.php?rest_route=%2Fwp%2Fv2%2Fmedia&parent=76071"}],"wp:term":[{"taxonomy":"category","embeddable":true,"href":"https:\/\/zonaroja.com.mx\/index.php?rest_route=%2Fwp%2Fv2%2Fcategories&post=76071"},{"taxonomy":"post_tag","embeddable":true,"href":"https:\/\/zonaroja.com.mx\/index.php?rest_route=%2Fwp%2Fv2%2Ftags&post=76071"}],"curies":[{"name":"wp","href":"https:\/\/api.w.org\/{rel}","templated":true}]}}