{"id":76080,"date":"2025-01-02T17:45:25","date_gmt":"2025-01-02T23:45:25","guid":{"rendered":"https:\/\/zonaroja.com.mx\/?p=76080"},"modified":"2025-01-02T17:45:27","modified_gmt":"2025-01-02T23:45:27","slug":"gobernadores-de-la-4t-respaldan-politica-migratoria-de-sheinbaum","status":"publish","type":"post","link":"https:\/\/zonaroja.com.mx\/?p=76080","title":{"rendered":"Gobernadores de la 4T respaldan pol\u00edtica migratoria de Sheinbaum"},"content":{"rendered":"\n<p>Redacci\u00f3n\/Zona Roja Cdmx.<\/p>\n\n\n\n<p>Ciudad de M\u00e9xico, a 2 de enero de 2025.- Los 23 gobernadores de Cuarta Transformaci\u00f3n, y la jefa de Gobierno de la Ciudad de M\u00e9xico, respaldaron a la Presidenta Claudia Sheinbaum Pardo en materia migratoria. \u201cReiteramos nuestro compromiso de colaboraci\u00f3n con la federaci\u00f3n en sus pol\u00edticas migratorias, la defensa de la soberan\u00eda y la solidaridad con nuestros paisanos en el extranjero\u201d, se\u00f1alaron en un pronunciamiento.<\/p>\n\n\n\n<p>\u201cConsideramos a la movilidad global como un fen\u00f3meno que se genera a partir de profundas causas de car\u00e1cter social y econ\u00f3mico; n\u00facleos de poblaci\u00f3n de pa\u00edses y regiones en los que no existen condiciones para una vida digna y de bienestar, se ven obligados a buscar mejores alternativas en el extranjero\u201d.<br>Se\u00f1alaron que este impulso entendible e hist\u00f3ricamente humano solo puede resolverse a partir de la atenci\u00f3n a esas causas profundas que lo provocan, es decir, a la atenci\u00f3n de pobreza la creaci\u00f3n de oportunidades equitativas par el desarrollo compartido e incluyente. Por ello, dijeron que en las entidades tienen la responsabilidad de servir, atestiguando tales contextos en la migraci\u00f3n.<\/p>\n\n\n\n<p>\u201cExpresamos tambi\u00e9n nuestro reconocimiento a las enormes aportaciones al desarrollo econ\u00f3mico, la vida social y el enriquecimiento cultural que generan en el extranjero nuestros paisanos, muy particularmente en los Estados Unidos\u201d.<\/p>\n\n\n\n<p>Agregaron que la atenci\u00f3n a la migraci\u00f3n solo puede darse a trav\u00e9s de la colaboraci\u00f3n para el desarrollo, el invariable respeto a la soberan\u00eda de nuestros pa\u00edses y, por supuesto, la defensa de los derechos humanos de todas y todos los mexicanos que residen en el extranjero.<\/p>\n\n\n\n<p>\u201cLa respuesta no est\u00e1 en la dureza, sino en la atenci\u00f3n a la pobreza. La soluci\u00f3n est\u00e1 en la coordinaci\u00f3n para crear condiciones que beneficien efectivamente a las naciones a nivel continental, as\u00ed como a la promoci\u00f3n del bienestar en sus regiones y comunidades m\u00e1s necesitadas\u201d.<\/p>\n\n\n\n<p>(Informaci\u00f3n de \u201cLa Jornada\u201d).<\/p>\n","protected":false},"excerpt":{"rendered":"<p>Redacci\u00f3n\/Zona Roja Cdmx. Ciudad de M\u00e9xico, a 2 de enero de 2025.- Los 23 gobernadores&hellip;<\/p>\n","protected":false},"author":2,"featured_media":76081,"comment_status":"closed","ping_status":"open","sticky":false,"template":"","format":"standard","meta":{"_lmt_disableupdate":"","_lmt_disable":"","_jetpack_memberships_contains_paid_content":false,"footnotes":""},"categories":[109,47],"tags":[3370],"class_list":["post-76080","post","type-post","status-publish","format-standard","has-post-thumbnail","hentry","category-minuto-a-minuto","category-zona-gris","tag-claudia-sheinbaum"],"jetpack_featured_media_url":"https:\/\/zonaroja.com.mx\/wp-content\/uploads\/2025\/01\/Desplegado-Morena-fentanilo.jpg","jetpack_sharing_enabled":true,"_links":{"self":[{"href":"https:\/\/zonaroja.com.mx\/index.php?rest_route=\/wp\/v2\/posts\/76080","targetHints":{"allow":["GET"]}}],"collection":[{"href":"https:\/\/zonaroja.com.mx\/index.php?rest_route=\/wp\/v2\/posts"}],"about":[{"href":"https:\/\/zonaroja.com.mx\/index.php?rest_route=\/wp\/v2\/types\/post"}],"author":[{"embeddable":true,"href":"https:\/\/zonaroja.com.mx\/index.php?rest_route=\/wp\/v2\/users\/2"}],"replies":[{"embeddable":true,"href":"https:\/\/zonaroja.com.mx\/index.php?rest_route=%2Fwp%2Fv2%2Fcomments&post=76080"}],"version-history":[{"count":1,"href":"https:\/\/zonaroja.com.mx\/index.php?rest_route=\/wp\/v2\/posts\/76080\/revisions"}],"predecessor-version":[{"id":76082,"href":"https:\/\/zonaroja.com.mx\/index.php?rest_route=\/wp\/v2\/posts\/76080\/revisions\/76082"}],"wp:featuredmedia":[{"embeddable":true,"href":"https:\/\/zonaroja.com.mx\/index.php?rest_route=\/wp\/v2\/media\/76081"}],"wp:attachment":[{"href":"https:\/\/zonaroja.com.mx\/index.php?rest_route=%2Fwp%2Fv2%2Fmedia&parent=76080"}],"wp:term":[{"taxonomy":"category","embeddable":true,"href":"https:\/\/zonaroja.com.mx\/index.php?rest_route=%2Fwp%2Fv2%2Fcategories&post=76080"},{"taxonomy":"post_tag","embeddable":true,"href":"https:\/\/zonaroja.com.mx\/index.php?rest_route=%2Fwp%2Fv2%2Ftags&post=76080"}],"curies":[{"name":"wp","href":"https:\/\/api.w.org\/{rel}","templated":true}]}}