{"id":76083,"date":"2025-01-02T18:41:02","date_gmt":"2025-01-03T00:41:02","guid":{"rendered":"https:\/\/zonaroja.com.mx\/?p=76083"},"modified":"2025-01-02T18:41:04","modified_gmt":"2025-01-03T00:41:04","slug":"indagan-al-comisario-de-seguridad-de-juchitan-por-posibles-lazos-con-el-crimen","status":"publish","type":"post","link":"https:\/\/zonaroja.com.mx\/?p=76083","title":{"rendered":"Indagan al comisario de Seguridad de Juchit\u00e1n por posibles lazos con el crimen"},"content":{"rendered":"\n<p>Raymundo Morales\/Zona Roja.<\/p>\n\n\n\n<p>Oaxaca de Ju\u00e1rez, Oax., a 2 de enero de 2024.- El comisario de seguridad p\u00fablica del municipio de Juchit\u00e1n de Zaragoza, Jhon Kenny Segura Moreno, podr\u00eda estar involucrado en hechos delictivos de alto impacto en la regi\u00f3n del Istmo.<\/p>\n\n\n\n<p>Lo anterior se desprende de indagatorias que realizan autoridades ministeriales a nivel federal como estatal, as\u00ed como la Secretar\u00eda de la Defensa Nacional, tras las recientes detenciones en dicho municipio.<\/p>\n\n\n\n<p>De acuerdo con fuentes de inteligencia, se han logrado identificar a los grupos delincuenciales, as\u00ed como sus redes de apoyo pol\u00edtico, en que estar\u00edan tambi\u00e9n involucrados el actual y anterior presidente municipal.<\/p>\n\n\n\n<p>Entre otros nombres que se vinculan al comisario, de acuerdo con un organigrama, se encuentran el \u201cComandante Cromo\u201d; Rafael de Jes\u00fas A. P, Marco Antonio H. R. y Jorge G. L.<\/p>\n\n\n\n<p>Las fuentes de inteligencia militar investigan tambi\u00e9n posibles v\u00ednculos del actual director del Instituto Estatal de Educaci\u00f3n P\u00fablica de Oaxaca, Emilio Montero, y al edil Miguel S\u00e1nchez.&nbsp;<\/p>\n\n\n\n<p>Seg\u00fan detalles, Jhon Kenny estar\u00eda permitiendo que el \u201cComandante Cromo\u201d se desplace sin mayores contratiempos incluso en patrullas municipales, as\u00ed como en total impunidad en la municipalidad y en la regi\u00f3n.<\/p>\n\n\n\n<p>Se prev\u00e9 que en Oaxaca se aplique tambi\u00e9n un \u201cOperativo Enjambre\u201d, con la participaci\u00f3n de fuerzas federales y estatales, para desmembrar grupos delictivos de alto impacto que se presume podr\u00edan ser protegidos por algunos pol\u00edticos y autoridades.<\/p>\n","protected":false},"excerpt":{"rendered":"<p>Raymundo Morales\/Zona Roja. Oaxaca de Ju\u00e1rez, Oax., a 2 de enero de 2024.- El comisario&hellip;<\/p>\n","protected":false},"author":2,"featured_media":76085,"comment_status":"closed","ping_status":"open","sticky":false,"template":"","format":"standard","meta":{"_lmt_disableupdate":"","_lmt_disable":"","_jetpack_memberships_contains_paid_content":false,"footnotes":""},"categories":[109,47],"tags":[123],"class_list":["post-76083","post","type-post","status-publish","format-standard","has-post-thumbnail","hentry","category-minuto-a-minuto","category-zona-gris","tag-juchitan-de-zaragoza"],"jetpack_featured_media_url":"https:\/\/zonaroja.com.mx\/wp-content\/uploads\/2025\/01\/Jhon-Kenny-Moreno-1.jpg","jetpack_sharing_enabled":true,"_links":{"self":[{"href":"https:\/\/zonaroja.com.mx\/index.php?rest_route=\/wp\/v2\/posts\/76083","targetHints":{"allow":["GET"]}}],"collection":[{"href":"https:\/\/zonaroja.com.mx\/index.php?rest_route=\/wp\/v2\/posts"}],"about":[{"href":"https:\/\/zonaroja.com.mx\/index.php?rest_route=\/wp\/v2\/types\/post"}],"author":[{"embeddable":true,"href":"https:\/\/zonaroja.com.mx\/index.php?rest_route=\/wp\/v2\/users\/2"}],"replies":[{"embeddable":true,"href":"https:\/\/zonaroja.com.mx\/index.php?rest_route=%2Fwp%2Fv2%2Fcomments&post=76083"}],"version-history":[{"count":1,"href":"https:\/\/zonaroja.com.mx\/index.php?rest_route=\/wp\/v2\/posts\/76083\/revisions"}],"predecessor-version":[{"id":76086,"href":"https:\/\/zonaroja.com.mx\/index.php?rest_route=\/wp\/v2\/posts\/76083\/revisions\/76086"}],"wp:featuredmedia":[{"embeddable":true,"href":"https:\/\/zonaroja.com.mx\/index.php?rest_route=\/wp\/v2\/media\/76085"}],"wp:attachment":[{"href":"https:\/\/zonaroja.com.mx\/index.php?rest_route=%2Fwp%2Fv2%2Fmedia&parent=76083"}],"wp:term":[{"taxonomy":"category","embeddable":true,"href":"https:\/\/zonaroja.com.mx\/index.php?rest_route=%2Fwp%2Fv2%2Fcategories&post=76083"},{"taxonomy":"post_tag","embeddable":true,"href":"https:\/\/zonaroja.com.mx\/index.php?rest_route=%2Fwp%2Fv2%2Ftags&post=76083"}],"curies":[{"name":"wp","href":"https:\/\/api.w.org\/{rel}","templated":true}]}}