{"id":76087,"date":"2025-01-02T19:12:41","date_gmt":"2025-01-03T01:12:41","guid":{"rendered":"https:\/\/zonaroja.com.mx\/?p=76087"},"modified":"2025-01-02T19:12:43","modified_gmt":"2025-01-03T01:12:43","slug":"arranca-presidenta-de-xoxocotlan-con-tequios-y-supervision-a-policias","status":"publish","type":"post","link":"https:\/\/zonaroja.com.mx\/?p=76087","title":{"rendered":"Arranca presidenta de Xoxocotl\u00e1n con tequios y supervisi\u00f3n a polic\u00edas\u00a0"},"content":{"rendered":"\n<p>Raymundo Morales\/Zona Roja.<\/p>\n\n\n\n<p>Oaxaca de Ju\u00e1rez, Oax., a 2 de enero de 2024.- En el marco del D\u00eda del Polic\u00eda, la presidenta municipal de Santa Cruz Xoxocotl\u00e1n, Nancy Ben\u00edtez Z\u00e1rate, presidi\u00f3 un encuentro con los uniformados, a quienes ofreci\u00f3 todo su respaldo en las tareas de resguardo a la sociedad.<\/p>\n\n\n\n<p>Asimismo, los convoc\u00f3 a desempe\u00f1ar su labor con honestidad, compromiso y responsabilidad; tambi\u00e9n, a cambiar conjuntamente la imagen y percepci\u00f3n de la corporaci\u00f3n, para recuperar la confianza de la poblaci\u00f3n.<\/p>\n\n\n\n<p>Previo a ello, en el parque central inici\u00f3 la jornada de tequios, para embellecer distintas \u00e1reas p\u00fablicas, con la participaci\u00f3n de los xoxe\u00f1os.<\/p>\n\n\n\n<p>\u201cNos comprometimos a ser un gobierno diferente desde el d\u00eda uno y esta es la primera de las muchas acciones que llevaremos a cabo para mejorar nuestra tierra\u201d, detall\u00f3.&nbsp;<\/p>\n\n\n\n<p>CABILDO CONFORMADO<\/p>\n\n\n\n<p>La v\u00edspera, en sesi\u00f3n solemne fue instalado legalmente el Honorable Ayuntamiento del municipio de Santa Cruz Xoxocotl\u00e1n, para el periodo 2025-2027, con la integraci\u00f3n de 15 concejales presentes.\u00a0<\/p>\n\n\n\n<figure class=\"wp-block-embed is-type-rich is-provider-twitter wp-block-embed-twitter\"><div class=\"wp-block-embed__wrapper\">\n<div class=\"twitter-tweet\"><blockquote class=\"twitter-tweet\" data-lang=\"es\"><p lang=\"es\" dir=\"ltr\">Hoy inicia una nueva etapa de transformaci\u00f3n en nuestro municipio, Santa Cruz <a href=\"https:\/\/twitter.com\/hashtag\/Xoxocotl%C3%A1n?src=hash&amp;ref_src=twsrc%5Etfw\">#Xoxocotl\u00e1n<\/a>. Por primera vez las mujeres tenemos la oportunidad de escribir una historia diferente para este gran pueblo que me vio nacer. Tengan por seguro que seremos ejemplo de progreso y desarrollo.\u2026 <a href=\"https:\/\/t.co\/nCVk0VCmVf\">pic.twitter.com\/nCVk0VCmVf<\/a><\/p>&mdash; Nancy Ben\u00edtez (@Nancy_Benitez_) <a href=\"https:\/\/twitter.com\/Nancy_Benitez_\/status\/1874636026313900100?ref_src=twsrc%5Etfw\">2 de enero de 2025<\/a><\/blockquote><\/div>\n<\/div><\/figure>\n\n\n\n<p>De conformidad con el art\u00edculo 36 de la Ley Org\u00e1nica Municipal del Estado de Oaxaca, la presidenta municipal constitucional, Nancy Ben\u00edtez Z\u00e1rate, tom\u00f3 la protesta de ley correspondiente a siete mujeres y siete hombres concejales, lo que refleja un gabinete paritario.&nbsp;<\/p>\n\n\n\n<p>Como concejal segundo es Omar Bernal Santiago; concejal tercero, Ana Lilia Aguilar Pacheco; concejal cuarto, P\u00e1nfilo Mart\u00ednez Agudo.<\/p>\n\n\n\n<p>Concejal quinto, Itzel Armida Aquino Garc\u00eda; concejal sexto, Evencio Cort\u00e9s Rodr\u00edguez; concejal s\u00e9ptimo, Gabriela Gricel Mat\u00edas Narv\u00e1ez.&nbsp;<\/p>\n\n\n\n<p>Concejal octavo, An\u00edbal Marcos Silva Arellanes; concejal noveno, Marobyn Leslye Contreras Garc\u00eda; concejal d\u00e9cimo, Jhonny Ram\u00edrez Cruz.&nbsp;<\/p>\n\n\n\n<p>Concejal d\u00e9cimo primero, Hilda P\u00e9rez Pacheco; concejal d\u00e9cimo tercero, Karla Lizbeth Morales Celis; concejal d\u00e9cimo cuarto, Javier Mat\u00edas Aquino; concejal d\u00e9cimo quinto, Freddy Gil Pineda Gopar; y concejal d\u00e9cimo sexto, Norma Reyna L\u00f3pez Mart\u00ednez.&nbsp;<\/p>\n\n\n\n<p>Dichas autoridades municipales son quienes conforman el gobierno de Santa Cruz Xoxocotl\u00e1n, donde por primera vez una mujer electa asume la presidencia.&nbsp;<\/p>\n\n\n\n<p>Al acto asistieron las y los ciudadanos de Xoxocotl\u00e1n, as\u00ed como el subdirector general de Administraci\u00f3n y Finanzas de los Servicios de Salud de Oaxaca, Octavio Torres Castillo, en representaci\u00f3n del Gobernador de Oaxaca; el presidente de la Junta de Coordinaci\u00f3n Pol\u00edtica (Jucopo) del Congreso local, Benjam\u00edn Viveros Montalvo; presidentes municipales y diversas autoridades estatales y federales.<\/p>\n","protected":false},"excerpt":{"rendered":"<p>Raymundo Morales\/Zona Roja. Oaxaca de Ju\u00e1rez, Oax., a 2 de enero de 2024.- En el&hellip;<\/p>\n","protected":false},"author":2,"featured_media":76088,"comment_status":"closed","ping_status":"open","sticky":false,"template":"","format":"standard","meta":{"_lmt_disableupdate":"","_lmt_disable":"","_jetpack_memberships_contains_paid_content":false,"footnotes":""},"categories":[109,46],"tags":[3376],"class_list":["post-76087","post","type-post","status-publish","format-standard","has-post-thumbnail","hentry","category-minuto-a-minuto","category-zona-blanca","tag-nancy-benitez"],"jetpack_featured_media_url":"https:\/\/zonaroja.com.mx\/wp-content\/uploads\/2025\/01\/Nancy-Benitez-Policias.jpeg","jetpack_sharing_enabled":true,"_links":{"self":[{"href":"https:\/\/zonaroja.com.mx\/index.php?rest_route=\/wp\/v2\/posts\/76087","targetHints":{"allow":["GET"]}}],"collection":[{"href":"https:\/\/zonaroja.com.mx\/index.php?rest_route=\/wp\/v2\/posts"}],"about":[{"href":"https:\/\/zonaroja.com.mx\/index.php?rest_route=\/wp\/v2\/types\/post"}],"author":[{"embeddable":true,"href":"https:\/\/zonaroja.com.mx\/index.php?rest_route=\/wp\/v2\/users\/2"}],"replies":[{"embeddable":true,"href":"https:\/\/zonaroja.com.mx\/index.php?rest_route=%2Fwp%2Fv2%2Fcomments&post=76087"}],"version-history":[{"count":1,"href":"https:\/\/zonaroja.com.mx\/index.php?rest_route=\/wp\/v2\/posts\/76087\/revisions"}],"predecessor-version":[{"id":76089,"href":"https:\/\/zonaroja.com.mx\/index.php?rest_route=\/wp\/v2\/posts\/76087\/revisions\/76089"}],"wp:featuredmedia":[{"embeddable":true,"href":"https:\/\/zonaroja.com.mx\/index.php?rest_route=\/wp\/v2\/media\/76088"}],"wp:attachment":[{"href":"https:\/\/zonaroja.com.mx\/index.php?rest_route=%2Fwp%2Fv2%2Fmedia&parent=76087"}],"wp:term":[{"taxonomy":"category","embeddable":true,"href":"https:\/\/zonaroja.com.mx\/index.php?rest_route=%2Fwp%2Fv2%2Fcategories&post=76087"},{"taxonomy":"post_tag","embeddable":true,"href":"https:\/\/zonaroja.com.mx\/index.php?rest_route=%2Fwp%2Fv2%2Ftags&post=76087"}],"curies":[{"name":"wp","href":"https:\/\/api.w.org\/{rel}","templated":true}]}}