{"id":7609,"date":"2020-01-13T09:00:02","date_gmt":"2020-01-13T15:00:02","guid":{"rendered":"http:\/\/www.zonaroja.com.mx\/?p=7609"},"modified":"2020-01-13T08:44:29","modified_gmt":"2020-01-13T14:44:29","slug":"opinion-el-fiscal-no-tiene-quien-le-escriba-pero-quiere-halagos","status":"publish","type":"post","link":"https:\/\/zonaroja.com.mx\/?p=7609","title":{"rendered":"Opini\u00f3n. El fiscal no tiene quien le escriba\u2026 pero quiere halagos"},"content":{"rendered":"\n<p>Ismael\nGarc\u00eda M.\/Zona Roja.<\/p>\n\n\n\n<p>Oaxaca de\nJu\u00e1rez, Oax.- Cuando pidieron recomendaci\u00f3n al que manda en Oaxaca, desde la\nCiudad de M\u00e9xico, su gesto fue de duda. \u201c\u00bfMe garantizas que puede? \u00bfQue va a\nsacar la chamba? \u00bfQue no se va a meter en pedos?\u201d. Quienes abogaban por Rub\u00e9n\nVasconcelos M\u00e9ndez, entre ellos su cu\u00f1ado Germ\u00e1n Espinosa Santib\u00e1\u00f1ez, dieron\ncomo garant\u00eda su palabra. Ahora est\u00e1n arrepentidos.<\/p>\n\n\n\n<p>Su\ndesignaci\u00f3n fue por \u201cdedazo\u201d, no por capacidad ni curr\u00edculum. Fueron 39 de 42\nvotos los que obtuvo Vasconcelos M\u00e9ndez para ser fiscal General del Estado, en\nla sesi\u00f3n del pleno efectuada el 12 de mayo de 2017; \u201cles dieron 200 mil pesos\na cada uno de los diputados para que votaran a favor, incluidos los morenistas\u201d,\nrevel\u00f3 una fuente. <\/p>\n\n\n\n<p>Dos a\u00f1os y\nmedio despu\u00e9s, de los siete que comprende su periodo, Rub\u00e9n Vasconcelos ha\ncausado m\u00e1s conflictos y problemas &#8211;incluyendo de \u00edndole pol\u00edtico al\ngobernador&#8211; que soluciones.<\/p>\n\n\n\n<p>Se ha\npeleado con funcionarios del gabinete estatal, con mandos militares, con\norganismos de la sociedad civil; es blanco de constantes reclamos por la\nimpunidad que procura y los nulos resultados en casos relevantes, como el m\u00e1s\nreciente, de Mar\u00eda Elena R\u00edos Ortiz, que comenz\u00f3 a investigar tres meses m\u00e1s\ntarde, hasta despu\u00e9s de una explosi\u00f3n medi\u00e1tica.<\/p>\n\n\n\n<p>En realidad,\nsu primer problema es \u00e9l mismo: su desconfianza hacia todo su personal \u2013enemigos\nque tiene debajo de su escritorio&#8211;; la cerraz\u00f3n informativa para evitar\ncuestionamientos; la orden tajante a los dem\u00e1s mandos de no dar declaraciones\nni informaci\u00f3n; el seleccionar a comandantes y fiscales cuestionados y con\nserios involucramientos en turbios asuntos; su protagonismo cubierto de\nsoberbia. <\/p>\n\n\n\n<p>Pero a la\nvez aseguran que solapa presuntas corrupciones, desde la Oficial\u00eda Mayor, por\nbeneficios econ\u00f3micos para sus actividades pol\u00edticas, y porque le lleva ante\nnotario Miguel \u00c1ngel Morales Amaya asuntos inmobiliarios, seg\u00fan las fuentes de\nesa dependencia, como la adquisici\u00f3n y construcci\u00f3n en San Andr\u00e9s Huay\u00e1pam.<\/p>\n\n\n\n<p>ETERNO\nBUR\u00d3CRATA<\/p>\n\n\n\n<p>En realidad,\npese a su doctorado en Derecho, el actual fiscal no conoce el sistema de\nprocuraci\u00f3n de justicia \u2013que quiso revolucionar a su manera, desde su llegada&#8211;,\npues la mayor\u00eda de sus cargos han sido irrelevantes en la entidad.<\/p>\n\n\n\n<p>Antes de la\nFiscal\u00eda, fue encargado de la Comisi\u00f3n Ejecutiva de Atenci\u00f3n de V\u00edctimas a\nnivel nacional, del que pretendi\u00f3 la titularidad pero no tuvo ning\u00fan respaldo\npol\u00edtico ni legislativo; antes de ello, fue director de la Asesor\u00eda Jur\u00eddica\nfederal de Atenci\u00f3n a V\u00edctimas.<\/p>\n\n\n\n<p>Asimismo,\ndirector adjunto de estudios y proyectos del Consejo de Coordinaci\u00f3n para la\nImplementaci\u00f3n del Sistema de Justicia Penal.<\/p>\n\n\n\n<p>En Oaxaca,\nsu primer trabajo fue en el entonces Consejo de Tutela para menores\ninfractores, despu\u00e9s como enlace institucional de la Secretar\u00eda General de\nGobierno y luego como coordinador de asesores de esa dependencia, en el\ngobierno de Ulises Ruiz Ortiz.<\/p>\n\n\n\n<p>ASPIRACIONES\nPOL\u00cdTICAS<\/p>\n\n\n\n<p>Tras llegar\na la Fiscal\u00eda, su primer conflicto fue con la propia base trabajadora, que le\nhizo un paro de labores por querer modificar normativamente la condici\u00f3n\nlaboral; tuvo que recular.<\/p>\n\n\n\n<p>Despu\u00e9s,\nalguien le dijo al o\u00eddo que ten\u00eda pinta de candidato a algo; empez\u00f3 a filtrar\ncon sus allegados que podr\u00eda ser candidato a presidente municipal de la\ncapital, quiz\u00e1 por el Partido Nueva Alianza.<\/p>\n\n\n\n<p>Hasta que un\ncomunicador lo despert\u00f3 y le dijo: \u201c\u00bftienes la bendici\u00f3n del que manda?, si no\nes as\u00ed, mejor olv\u00eddalo\u201d. No lo olvid\u00f3 del todo, pues a trav\u00e9s de redes\nsociales, intent\u00f3 promover su imagen difundiendo efem\u00e9rides, con su nombre al\nfinal.<\/p>\n\n\n\n<p>Pero la\nrealidad se le fue imponiendo. Las agresiones a periodistas, los crecientes\nfeminicidios \u2013ha tenido a tres fiscales de g\u00e9nero, de las que dos le han\nrenunciado por sus imposiciones, la tercera pronto lo har\u00e1&#8211;; la nula\nefectividad en el trabajo; los roces con el entonces coordinador de la Agencia\nEstatal de Investigaciones, Jos\u00e9 Antonio Yglesias Arreola, que desde el primer\nd\u00eda le puso su renuncia en la mesa, son su agenda cotidiana.<\/p>\n\n\n\n<p>CONFLICTOS\nCON FUNCIONARIOS<\/p>\n\n\n\n<p>\u201cEl fiscal\nsoy yo y soy el \u00fanico que manda\u201d, parece ser su apotegma, lo que le ha valido conflictos\ncon miembros del gabinete de Alejandro Murat. <\/p>\n\n\n\n<p>Ante los\ncada vez m\u00e1s evidentes roces con Yglesias Arreola, un d\u00eda los convoc\u00f3 el\ngobernador al hangar: \u201cya p\u00f3nganse a trabajar, quiero resultados, no pleitos\u201d; \u201cqu\u00e9\npas\u00f3 To\u00f1o, por qu\u00e9 no hay detenciones ni investigaciones\u201d; \u201cpreg\u00fantenle a \u00e9l,\nque asumi\u00f3 indebidamente el mando de la AEI, respondi\u00f3 el entonces todav\u00eda\ndirector.<\/p>\n\n\n\n<p>Caso similar\nocurri\u00f3 con el fiscal Anticorrupci\u00f3n, Jos\u00e9 Emilio Iruegas; tambi\u00e9n fueron\nllamados por el gobernador, ahora a Palacio. \u201cCu\u00e1l es el problema? \u00a1Ya p\u00f3nganse\na trabajar!, les dijo el mandatario; \u201cse\u00f1or, presupuesto no tengo, no puedo\nhacer gran cosa\u201d, justific\u00f3 Iruegas; \u201cs\u00ed estamos trabajando gobernador, le\nestamos echando ganas, estamos trabajando por Oaxaca\u201d, respondi\u00f3 Vasconcelos. \u201cMira,\na m\u00ed no me vengas con demagogia, o me das presupuesto o te dejo mi puesto, si\nlo que quieres es mi puesto, te lo dejo\u201d, devolvi\u00f3 Iruegas.<\/p>\n\n\n\n<p>\u201c\u00a1No lo\nquiero en mis reuniones; no me sirve; si \u00e9l viene, yo no presido la reuni\u00f3n!\u201d,\ncuentan fuentes militares que se expresaba el entonces comandante de la VIII\nRegi\u00f3n Militar, Alfonso Duarte M\u00fajica, acerca de Vasconcelos.<\/p>\n\n\n\n<p>Con H\u00e9ctor\nAnuar Mafud, la relaci\u00f3n es tibia, por no decir poco tersa; con Jos\u00e9 Raymundo Tu\u00f1\u00f3n\ny Jos\u00e9 Manuel Vera Salinas, s\u00f3lo desconfianzas y nulo trabajo conjunto; pleitos\npor espionajes mutuos.<\/p>\n\n\n\n<p>Son m\u00faltiples\nlos testimonios de sus conflictos, adem\u00e1s de los protagonismos, como el m\u00e1s\nreciente operativo efectuado en San Francisco Tutla a un domicilio de los\nVillaseca, en que excluy\u00f3 de su bolet\u00edn la participaci\u00f3n de la Polic\u00eda Estatal.<\/p>\n\n\n\n<p>Con Ra\u00fal\nErnesto Salcedo, es institucional \u00fanicamente la relaci\u00f3n; el actual coordinador\nde la AEI, Jos\u00e9 Alfredo \u00c1lvarez, se mantiene encerrado a piedra y lodo, a falta\nde operatividad y pronto se ir\u00e1.<\/p>\n\n\n\n<p>NULOS\nRESULTADOS<\/p>\n\n\n\n<p>La constante\ntambi\u00e9n en la Fiscal\u00eda General ha sido la respuesta \u00fanicamente medi\u00e1tica, o la\nimpunidad. Es sonado el caso de la fotoperiodista Mar\u00eda del Sol Cruz Jarqu\u00edn,\nde la que a a\u00f1o y medio, no hay justicia; o de Ivanna Mingo; o de Mar\u00eda Elena\nR\u00edos, que tres meses y medio despu\u00e9s, detuvo a dos probables responsables.<\/p>\n\n\n\n<p>En materia\nde agresiones a periodistas, pr\u00e1cticamente no hay casos resueltos m\u00e1s que en\nlos que los involucrados o la v\u00edctima se desiste o llega a un acuerdo; ah\u00ed est\u00e1\nRebeca Luna, que un mes despu\u00e9s tuvo que hacer una protesta en el z\u00f3calo para\nser escuchada y atendida. Ah\u00ed est\u00e1 el caso de Tel\u00e9sforo, locutor asesinado, del\nque a\u00fan no hay ninguna persona sentenciada.<\/p>\n\n\n\n<p>O el caso\ndel ni\u00f1o Edward, que volc\u00f3 a la comunidad m\u00e9dica estatal y nacional ya no en\ncontra de la Fiscal\u00eda sino contra el gobernador Alejandro Murat (como ocurre en\ntodos los casos de gran relevancia. \u00bfQu\u00e9 decir de las desapariciones? Nada se\nsabe de Cajonos, de G\u00fcil\u00e1, de Soyaltepec\u2026 \u00bfQu\u00e9 decir de los cr\u00edmenes\npol\u00edticos?; nada, en absoluto, ni siquiera a favor de familiares del personal\nde la AEI que ha sido asesinado.<\/p>\n\n\n\n<p>Su m\u00e1s\nreciente confrontaci\u00f3n \u2013en que meti\u00f3 en graves problemas pol\u00edticos al\ngobernador&#8211;, con el Partido Morena y el vicecoordinador del Senado, Salom\u00f3n\nJara Cruz, por el caso del edil asesinado de Jalapa de D\u00edaz.<\/p>\n\n\n\n<p>Por encima\nde ello, el fiscal Rub\u00e9n Vasconcelos quiere que alguien le escriba bonito, que\nlo halague, para lo cual destina algunos recursos monetarios o materiales,\nfuera de la legalidad. Pero los yerros son constantes, hasta de sus allegados,\nhasta de su oficina de prensa, con un tercer titular en el \u00e1rea. <\/p>\n\n\n\n<p>Y a\u00fan sobre ello, quiere ser candidato de algo y dedica los s\u00e1bados a reuniones sociales, con quien se deje, as\u00ed sea para visitar la Central Camionera o apadrinar organizaciones de transporte o civiles. Pero por lo pronto, en la ciudad de M\u00e9xico, ya dijeron: caput.<\/p>\n\n\n\n<p>Pr\u00f3xima semana: \u00bfY qu\u00e9 hace Karina Bar\u00f3n en materia de prevenci\u00f3n y seguridad?<\/p>\n","protected":false},"excerpt":{"rendered":"<p>Ismael Garc\u00eda M.\/Zona Roja. Oaxaca de Ju\u00e1rez, Oax.- Cuando pidieron recomendaci\u00f3n al que manda en&hellip;<\/p>\n","protected":false},"author":2,"featured_media":7610,"comment_status":"closed","ping_status":"open","sticky":false,"template":"","format":"standard","meta":{"_lmt_disableupdate":"","_lmt_disable":"","_jetpack_memberships_contains_paid_content":false,"footnotes":""},"categories":[109,48],"tags":[494,170],"class_list":["post-7609","post","type-post","status-publish","format-standard","has-post-thumbnail","hentry","category-minuto-a-minuto","category-zona-critica","tag-fiscalia-general-del-estado-de-oaxaca","tag-ruben-vasconcelos-mendez"],"jetpack_featured_media_url":"https:\/\/zonaroja.com.mx\/wp-content\/uploads\/2020\/01\/Opini\u00f3n-Zona-Cr\u00edtica.jpg","jetpack_sharing_enabled":true,"_links":{"self":[{"href":"https:\/\/zonaroja.com.mx\/index.php?rest_route=\/wp\/v2\/posts\/7609","targetHints":{"allow":["GET"]}}],"collection":[{"href":"https:\/\/zonaroja.com.mx\/index.php?rest_route=\/wp\/v2\/posts"}],"about":[{"href":"https:\/\/zonaroja.com.mx\/index.php?rest_route=\/wp\/v2\/types\/post"}],"author":[{"embeddable":true,"href":"https:\/\/zonaroja.com.mx\/index.php?rest_route=\/wp\/v2\/users\/2"}],"replies":[{"embeddable":true,"href":"https:\/\/zonaroja.com.mx\/index.php?rest_route=%2Fwp%2Fv2%2Fcomments&post=7609"}],"version-history":[{"count":2,"href":"https:\/\/zonaroja.com.mx\/index.php?rest_route=\/wp\/v2\/posts\/7609\/revisions"}],"predecessor-version":[{"id":7620,"href":"https:\/\/zonaroja.com.mx\/index.php?rest_route=\/wp\/v2\/posts\/7609\/revisions\/7620"}],"wp:featuredmedia":[{"embeddable":true,"href":"https:\/\/zonaroja.com.mx\/index.php?rest_route=\/wp\/v2\/media\/7610"}],"wp:attachment":[{"href":"https:\/\/zonaroja.com.mx\/index.php?rest_route=%2Fwp%2Fv2%2Fmedia&parent=7609"}],"wp:term":[{"taxonomy":"category","embeddable":true,"href":"https:\/\/zonaroja.com.mx\/index.php?rest_route=%2Fwp%2Fv2%2Fcategories&post=7609"},{"taxonomy":"post_tag","embeddable":true,"href":"https:\/\/zonaroja.com.mx\/index.php?rest_route=%2Fwp%2Fv2%2Ftags&post=7609"}],"curies":[{"name":"wp","href":"https:\/\/api.w.org\/{rel}","templated":true}]}}