{"id":76090,"date":"2025-01-02T21:49:24","date_gmt":"2025-01-03T03:49:24","guid":{"rendered":"https:\/\/zonaroja.com.mx\/?p=76090"},"modified":"2025-01-02T21:49:26","modified_gmt":"2025-01-03T03:49:26","slug":"engancho-en-oaxaca-a-una-adolescente-por-redes-sociales-para-violarla","status":"publish","type":"post","link":"https:\/\/zonaroja.com.mx\/?p=76090","title":{"rendered":"Enganch\u00f3 en Oaxaca a una adolescente por redes sociales\u2026 para violarla"},"content":{"rendered":"\n<p>Redacci\u00f3n\/Zona Roja.<\/p>\n\n\n\n<p>Oaxaca de Ju\u00e1rez, Oax., a 2 de enero de 2025.- Un individuo enganch\u00f3 a una adolescente de 13 a\u00f1os de edad v\u00eda redes sociales y despu\u00e9s la viol\u00f3, en Reyes Mantec\u00f3n, localidad del municipio de San Bartolo Coyotepec.<\/p>\n\n\n\n<p>La Fiscal\u00eda General del Estado de Oaxaca inform\u00f3 que, derivado del trabajo ministerial en materia de violencia sexual contra las infancias, detuvo al probable agresor y logr\u00f3 auto de vinculaci\u00f3n a proceso.<\/p>\n\n\n\n<p>Se trata de una persona del sexo masculino identificada como R. J. A. S., imputado por el delito de Equiparado a la Violaci\u00f3n, cometido en agravio de una adolescente.<\/p>\n\n\n\n<p>De acuerdo con lo asentado en el expediente penal, los hechos ocurrieron los d\u00edas 13 y 15 de noviembre de 2024, en un domicilio ubicado en Reyes Mantec\u00f3n, Coyotepec, lugar donde la v\u00edctima fue agredida de manera sexual por una persona a quien conoci\u00f3 por medio de una red social denominada Instagram y con quien mantuvo comunicaci\u00f3n durante un par de meses previo a los hechos.<\/p>\n\n\n\n<p>\u201cCuando la Fiscal\u00eda tom\u00f3 conocimiento del caso, inici\u00f3 las investigaciones correspondientes a trav\u00e9s de la Vicefiscal\u00eda Regional de Valles Centrales que, luego de ordenar los trabajos ministeriales de investigaci\u00f3n, logr\u00f3 reunir las pruebas suficientes para obtener una orden de aprehensi\u00f3n y detenci\u00f3n contra el imputado.<\/p>\n\n\n\n<p>\u201cAl presentar los datos de prueba aportados por el Ministerio P\u00fablico, el Juez que atiende la causa determin\u00f3 dictar auto de vinculaci\u00f3n a proceso en contra de R.J.A.S., y otorg\u00f3 dos meses para el cierre de la investigaci\u00f3n complementaria\u201d, detall\u00f3 la instituci\u00f3n en un comunicado.<\/p>\n\n\n\n<p>Agreg\u00f3 que tiene entre sus ejes rectores garantizar una vida libre de violencia para ni\u00f1as, ni\u00f1os y adolescentes, a trav\u00e9s de los mecanismos de procuraci\u00f3n de justicia que est\u00e1n a cargo de \u00e1reas especializadas y bien capacitadas para este tipo de labores.<\/p>\n","protected":false},"excerpt":{"rendered":"<p>Redacci\u00f3n\/Zona Roja. Oaxaca de Ju\u00e1rez, Oax., a 2 de enero de 2025.- Un individuo enganch\u00f3&hellip;<\/p>\n","protected":false},"author":2,"featured_media":76091,"comment_status":"closed","ping_status":"open","sticky":false,"template":"","format":"standard","meta":{"_lmt_disableupdate":"","_lmt_disable":"","_jetpack_memberships_contains_paid_content":false,"footnotes":""},"categories":[109,46],"tags":[494],"class_list":["post-76090","post","type-post","status-publish","format-standard","has-post-thumbnail","hentry","category-minuto-a-minuto","category-zona-blanca","tag-fiscalia-general-del-estado-de-oaxaca"],"jetpack_featured_media_url":"https:\/\/zonaroja.com.mx\/wp-content\/uploads\/2025\/01\/redes-sociales-instagarm.jpg","jetpack_sharing_enabled":true,"_links":{"self":[{"href":"https:\/\/zonaroja.com.mx\/index.php?rest_route=\/wp\/v2\/posts\/76090","targetHints":{"allow":["GET"]}}],"collection":[{"href":"https:\/\/zonaroja.com.mx\/index.php?rest_route=\/wp\/v2\/posts"}],"about":[{"href":"https:\/\/zonaroja.com.mx\/index.php?rest_route=\/wp\/v2\/types\/post"}],"author":[{"embeddable":true,"href":"https:\/\/zonaroja.com.mx\/index.php?rest_route=\/wp\/v2\/users\/2"}],"replies":[{"embeddable":true,"href":"https:\/\/zonaroja.com.mx\/index.php?rest_route=%2Fwp%2Fv2%2Fcomments&post=76090"}],"version-history":[{"count":1,"href":"https:\/\/zonaroja.com.mx\/index.php?rest_route=\/wp\/v2\/posts\/76090\/revisions"}],"predecessor-version":[{"id":76092,"href":"https:\/\/zonaroja.com.mx\/index.php?rest_route=\/wp\/v2\/posts\/76090\/revisions\/76092"}],"wp:featuredmedia":[{"embeddable":true,"href":"https:\/\/zonaroja.com.mx\/index.php?rest_route=\/wp\/v2\/media\/76091"}],"wp:attachment":[{"href":"https:\/\/zonaroja.com.mx\/index.php?rest_route=%2Fwp%2Fv2%2Fmedia&parent=76090"}],"wp:term":[{"taxonomy":"category","embeddable":true,"href":"https:\/\/zonaroja.com.mx\/index.php?rest_route=%2Fwp%2Fv2%2Fcategories&post=76090"},{"taxonomy":"post_tag","embeddable":true,"href":"https:\/\/zonaroja.com.mx\/index.php?rest_route=%2Fwp%2Fv2%2Ftags&post=76090"}],"curies":[{"name":"wp","href":"https:\/\/api.w.org\/{rel}","templated":true}]}}