{"id":76096,"date":"2025-01-03T08:15:00","date_gmt":"2025-01-03T14:15:00","guid":{"rendered":"https:\/\/zonaroja.com.mx\/?p=76096"},"modified":"2025-01-03T07:01:40","modified_gmt":"2025-01-03T13:01:40","slug":"disparan-contra-ex-presidenta-municipal-en-oaxaca","status":"publish","type":"post","link":"https:\/\/zonaroja.com.mx\/?p=76096","title":{"rendered":"Disparan contra ex presidenta municipal en Oaxaca"},"content":{"rendered":"\n<p>Raymundo Morales\/Zona Roja.<\/p>\n\n\n\n<p>Oaxaca de Ju\u00e1rez, Oax., a 3 de enero de 2024.- Sujetos armados dispararon en contra de la ex presidenta municipal de La Pe, Ejutla, Thelma Adriana C. C., quien convalece en un hospital.<\/p>\n\n\n\n<p>De acuerdo con reportes policiacos, el hecho ocurri\u00f3 ayer alrededor de las 18:35 horas mientras la ex edil viajaba en una camioneta de pasajeros.<\/p>\n\n\n\n<p>En la parada del crucero a la comunidad de El Vergel, sobre la v\u00eda federal 175 Oaxaca-Puerto \u00c1ngel, sujetos armados dispararon directamente en contra de ella, tras lo cual huyeron.<\/p>\n\n\n\n<p>Tras el reporte de emergencia, param\u00e9dicos de Ejutla de Crespo acudieron a la zona, le brindaron los primeros auxilios y la trasladaron a un hospital, donde la reportan delicada de salud.<\/p>\n\n\n\n<p>Thelma Adriana C. C. Fue presidenta municipal de La Pe en el periodo 2011 al 2013.<\/p>\n\n\n\n<p>HALLAN CUERPO<\/p>\n\n\n\n<p>Por otra parte, hasta el momento permanece sin ser identificada la persona del sexo masculino hallada sin vida ayer en el municipio de Santo Domingo Tehuantepec.<\/p>\n\n\n\n<p>El cuerpo fue localizado a un costado del camino antiguo a la localidad de Rinc\u00f3n Moreno y presuntamente presenta varios impactos de arma de fuego.<\/p>\n\n\n\n<p>La Vicefiscal\u00eda Regional del Istmo, de la Fiscal\u00eda General del Estado de Oaxaca, inici\u00f3 las indagatorias correspondientes, con la finalidad de esclarecer los hechos.<\/p>\n","protected":false},"excerpt":{"rendered":"<p>Raymundo Morales\/Zona Roja. Oaxaca de Ju\u00e1rez, Oax., a 3 de enero de 2024.- Sujetos armados&hellip;<\/p>\n","protected":false},"author":2,"featured_media":76097,"comment_status":"closed","ping_status":"open","sticky":false,"template":"","format":"standard","meta":{"_lmt_disableupdate":"","_lmt_disable":"","_jetpack_memberships_contains_paid_content":false,"footnotes":""},"categories":[109,51],"tags":[533],"class_list":["post-76096","post","type-post","status-publish","format-standard","has-post-thumbnail","hentry","category-minuto-a-minuto","category-zona-roja","tag-asesinado-en-tehuantepec"],"jetpack_featured_media_url":"https:\/\/zonaroja.com.mx\/wp-content\/uploads\/2025\/01\/Cuerpo-sin-vida-rincon-Moreno-Tehuantepec.jpg","jetpack_sharing_enabled":true,"_links":{"self":[{"href":"https:\/\/zonaroja.com.mx\/index.php?rest_route=\/wp\/v2\/posts\/76096","targetHints":{"allow":["GET"]}}],"collection":[{"href":"https:\/\/zonaroja.com.mx\/index.php?rest_route=\/wp\/v2\/posts"}],"about":[{"href":"https:\/\/zonaroja.com.mx\/index.php?rest_route=\/wp\/v2\/types\/post"}],"author":[{"embeddable":true,"href":"https:\/\/zonaroja.com.mx\/index.php?rest_route=\/wp\/v2\/users\/2"}],"replies":[{"embeddable":true,"href":"https:\/\/zonaroja.com.mx\/index.php?rest_route=%2Fwp%2Fv2%2Fcomments&post=76096"}],"version-history":[{"count":1,"href":"https:\/\/zonaroja.com.mx\/index.php?rest_route=\/wp\/v2\/posts\/76096\/revisions"}],"predecessor-version":[{"id":76098,"href":"https:\/\/zonaroja.com.mx\/index.php?rest_route=\/wp\/v2\/posts\/76096\/revisions\/76098"}],"wp:featuredmedia":[{"embeddable":true,"href":"https:\/\/zonaroja.com.mx\/index.php?rest_route=\/wp\/v2\/media\/76097"}],"wp:attachment":[{"href":"https:\/\/zonaroja.com.mx\/index.php?rest_route=%2Fwp%2Fv2%2Fmedia&parent=76096"}],"wp:term":[{"taxonomy":"category","embeddable":true,"href":"https:\/\/zonaroja.com.mx\/index.php?rest_route=%2Fwp%2Fv2%2Fcategories&post=76096"},{"taxonomy":"post_tag","embeddable":true,"href":"https:\/\/zonaroja.com.mx\/index.php?rest_route=%2Fwp%2Fv2%2Ftags&post=76096"}],"curies":[{"name":"wp","href":"https:\/\/api.w.org\/{rel}","templated":true}]}}