{"id":76099,"date":"2025-01-03T09:15:00","date_gmt":"2025-01-03T15:15:00","guid":{"rendered":"https:\/\/zonaroja.com.mx\/?p=76099"},"modified":"2025-01-03T07:17:20","modified_gmt":"2025-01-03T13:17:20","slug":"estrena-oaxaca-de-juarez-26-vehiculos-para-reforzar-la-seguridad","status":"publish","type":"post","link":"https:\/\/zonaroja.com.mx\/?p=76099","title":{"rendered":"Estrena Oaxaca de Ju\u00e1rez 26 veh\u00edculos para reforzar la seguridad"},"content":{"rendered":"\n<p>Redacci\u00f3n\/Zona Roja.<\/p>\n\n\n\n<p>Oaxaca de Ju\u00e1rez, Oax., a 3 de enero de 2024.- En el marco del D\u00eda de las y los Polic\u00edas, el presidente municipal de Oaxaca de Ju\u00e1rez entreg\u00f3 26 unidades de motor, para reforzar la vigilancia y la seguridad.<\/p>\n\n\n\n<p>En la Plaza de la Danza, donde convivi\u00f3 con los uniformados, destac\u00f3 el papel fundamental de las fuerzas de seguridad en la protecci\u00f3n de las familias oaxaque\u00f1as y refrend\u00f3 el compromiso de su administraci\u00f3n con el fortalecimiento de la seguridad p\u00fablica.<\/p>\n\n\n\n<p>El edil Chagoya subray\u00f3 que la seguridad ser\u00e1 una prioridad en el gobierno municipal 2025-2027, reconociendo que el trabajo de las y los polic\u00edas no solo consiste en combatir la delincuencia, sino tambi\u00e9n en prevenirla a trav\u00e9s de la capacitaci\u00f3n y el equipamiento adecuado.<\/p>\n\n\n\n<p>\u201cTrabajaremos hombro a hombro con los gobiernos estatal y federal para reducir los \u00edndices delictivos y construir un Oaxaca de Ju\u00e1rez m\u00e1s seguro e incluyente\u00bb, se\u00f1al\u00f3.<\/p>\n\n\n\n<p>PAGO DE CONTRIBUCIONES<\/p>\n\n\n\n<p>Posteriormente, y en un acto simb\u00f3lico que reafirma la participaci\u00f3n ciudadana, el presidente municipal dio inicio al programa \u201cCumplir es Ahorrar\u201d, invitando ala poblaci\u00f3n a regularizar sus contribuciones municipales.\u00a0<\/p>\n\n\n\n<figure class=\"wp-block-embed is-type-rich is-provider-twitter wp-block-embed-twitter\"><div class=\"wp-block-embed__wrapper\">\n<div class=\"twitter-tweet\"><blockquote class=\"twitter-tweet\" data-lang=\"es\"><p lang=\"es\" dir=\"ltr\">Vecinas y vecinos, hoy acud\u00ed a la caja recaudadora para realizar el pago de mis contribuciones y sumarme a la transformaci\u00f3n de nuestra ciudad. Con el programa \u201cCumplir es Ahorrar\u201d, invito a todas y todos a aprovechar los grandes descuentos en enero y cumplir juntos con Oaxaca de\u2026 <a href=\"https:\/\/t.co\/2lPb5NgD18\">pic.twitter.com\/2lPb5NgD18<\/a><\/p>&mdash; Ray Chagoya (@raychagoya) <a href=\"https:\/\/twitter.com\/raychagoya\/status\/1874952642675573174?ref_src=twsrc%5Etfw\">2 de enero de 2025<\/a><\/blockquote><\/div>\n<\/div><\/figure>\n\n\n\n<p>Durante el evento, realizado en el Palacio Municipal, el edil realiz\u00f3 el pago de su impuesto predial, marcando el inicio oficial de este importante esfuerzo recaudatorio.<\/p>\n\n\n\n<p>El programa \u201cCumplir es Ahorrar\u201d ofrece a los ciudadanos descuentos significativos durante los primeros tres meses de 2025, esto con el prop\u00f3sito de incentivar el cumplimiento de sus contribuciones y responsabilidad fiscal. Adem\u00e1s de los ahorros econ\u00f3micos, esta campa\u00f1a busca fortalecer el tejido social y econ\u00f3mico de Oaxaca de Ju\u00e1rez.<\/p>\n\n\n\n<p>Para garantizar la accesibilidad y comodidad en el proceso de pago, el municipio ha dispuesto alrededor de 20 cajas recaudadoras distribuidas en las oficinas de Desarrollo Urbano ubicada en Murgu\u00eda 805 y en el Palacio Municipal, ubicado en la Plaza de la Danza sin N\u00famero.<\/p>\n\n\n\n<p>LECTURA CON NI\u00d1OS<\/p>\n\n\n\n<p>Por la tarde, en el parque \u201cPrimavera\u201d de la capital, Raymundo Chagoya inaugur\u00f3 el programa \u00abLectura mensual con el presidente municipal\u201d, que busca promover el h\u00e1bito de la lectura entre ni\u00f1as y ni\u00f1os de seis a 12 a\u00f1os de edad.<\/p>\n\n\n\n<p>En la actividad estuvo presente Gaby Garc\u00eda, presidenta honoraria del DIF Municipal; ambos destacaron la importancia de fomentar el amor por los libros desde temprana edad.<\/p>\n\n\n\n<p>El libro seleccionado para esta primera sesi\u00f3n fue \u00abEres \u00fanico\u00bb, del autor Askenazy Ludwig, una obra que narra las historias de personajes extraordinarios y \u00fanicos.&nbsp;<\/p>\n","protected":false},"excerpt":{"rendered":"<p>Redacci\u00f3n\/Zona Roja. Oaxaca de Ju\u00e1rez, Oax., a 3 de enero de 2024.- En el marco&hellip;<\/p>\n","protected":false},"author":2,"featured_media":76100,"comment_status":"closed","ping_status":"open","sticky":false,"template":"","format":"standard","meta":{"_lmt_disableupdate":"","_lmt_disable":"","_jetpack_memberships_contains_paid_content":false,"footnotes":""},"categories":[109,46],"tags":[4142],"class_list":["post-76099","post","type-post","status-publish","format-standard","has-post-thumbnail","hentry","category-minuto-a-minuto","category-zona-blanca","tag-raymundo-chagoya"],"jetpack_featured_media_url":"https:\/\/zonaroja.com.mx\/wp-content\/uploads\/2025\/01\/Raymundo-Chagoya-policias.jpeg","jetpack_sharing_enabled":true,"_links":{"self":[{"href":"https:\/\/zonaroja.com.mx\/index.php?rest_route=\/wp\/v2\/posts\/76099","targetHints":{"allow":["GET"]}}],"collection":[{"href":"https:\/\/zonaroja.com.mx\/index.php?rest_route=\/wp\/v2\/posts"}],"about":[{"href":"https:\/\/zonaroja.com.mx\/index.php?rest_route=\/wp\/v2\/types\/post"}],"author":[{"embeddable":true,"href":"https:\/\/zonaroja.com.mx\/index.php?rest_route=\/wp\/v2\/users\/2"}],"replies":[{"embeddable":true,"href":"https:\/\/zonaroja.com.mx\/index.php?rest_route=%2Fwp%2Fv2%2Fcomments&post=76099"}],"version-history":[{"count":1,"href":"https:\/\/zonaroja.com.mx\/index.php?rest_route=\/wp\/v2\/posts\/76099\/revisions"}],"predecessor-version":[{"id":76101,"href":"https:\/\/zonaroja.com.mx\/index.php?rest_route=\/wp\/v2\/posts\/76099\/revisions\/76101"}],"wp:featuredmedia":[{"embeddable":true,"href":"https:\/\/zonaroja.com.mx\/index.php?rest_route=\/wp\/v2\/media\/76100"}],"wp:attachment":[{"href":"https:\/\/zonaroja.com.mx\/index.php?rest_route=%2Fwp%2Fv2%2Fmedia&parent=76099"}],"wp:term":[{"taxonomy":"category","embeddable":true,"href":"https:\/\/zonaroja.com.mx\/index.php?rest_route=%2Fwp%2Fv2%2Fcategories&post=76099"},{"taxonomy":"post_tag","embeddable":true,"href":"https:\/\/zonaroja.com.mx\/index.php?rest_route=%2Fwp%2Fv2%2Ftags&post=76099"}],"curies":[{"name":"wp","href":"https:\/\/api.w.org\/{rel}","templated":true}]}}