{"id":76102,"date":"2025-01-03T10:19:00","date_gmt":"2025-01-03T16:19:00","guid":{"rendered":"https:\/\/zonaroja.com.mx\/?p=76102"},"modified":"2025-01-03T07:55:58","modified_gmt":"2025-01-03T13:55:58","slug":"cumple-90-dias-desaparicion-de-sandra-dominguez","status":"publish","type":"post","link":"https:\/\/zonaroja.com.mx\/?p=76102","title":{"rendered":"Cumple 90 d\u00edas desaparici\u00f3n de Sandra Dom\u00ednguez"},"content":{"rendered":"\n<p>Ismael Garc\u00eda M.\/Zona Roja.<\/p>\n\n\n\n<p>Oaxaca de Ju\u00e1rez, Oax., a 3 de enero de 2024.- En la v\u00edspera de cumplirse tres meses de la desparici\u00f3n de Sandra Estefano Dom\u00ednguez y su pareja Alexander Hern\u00e1ndez, la organizaci\u00f3n Amnist\u00eda Internacional (AI) convoc\u00f3 a solicitar por escrito a las autoridades que se refuerce la b\u00fasqueda.<\/p>\n\n\n\n<p>La pareja fue vista por \u00faltima vez en la comunidad de Mar\u00eda Lombardo, municipio de San Juan Cotzoc\u00f3n Mixe, el pasado 4 de octubre; d\u00edas despu\u00e9s la camioneta de ambos fue localizada en jurisdicci\u00f3n del estado de Veracruz.<\/p>\n\n\n\n<p>\u201c\u00a1Act\u00faa ahora! Env\u00eda una carta para exigir a las autoridades una b\u00fasqueda exhaustiva y justicia\u201d, convoca el organismo internacional, a trav\u00e9s de las redes sociales.<\/p>\n\n\n\n<p>En tanto, el colectivo \u201cKomite Pejy Tyotk\u201d, emiti\u00f3 un pronunciamiento:<\/p>\n\n\n\n<p>\u201cLa desaparici\u00f3n de una persona no es solo un vac\u00edo para quienes la aman, sino un llamado urgente a toda la sociedad. Cada d\u00eda que pasa sin saber de alguien es una jornada marcada por la angustia, el dolor y la incertidumbre.&nbsp;<\/p>\n\n\n\n<p>\u201cEs vital que comprendamos que detr\u00e1s de cada desaparici\u00f3n hay una historia, una familia, un futuro que se desvanece en el aire, dejando a su paso un sufrimiento profundo\u201d.<\/p>\n\n\n\n<p>A\u00f1ade que la falta de acci\u00f3n, la indiferencia o el silencio social no solo prolongan el dolor de los afectados, sino que tambi\u00e9n permiten que estas tragedias sigan sucediendo.&nbsp;<\/p>\n\n\n\n<p>\u201cTodos debemos ser conscientes de la importancia de actuar, de exigir justicia, y de ser m\u00e1s solidarios. La desaparici\u00f3n de una persona es una crisis colectiva, que nos debe interpelar y movilizar.<\/p>\n\n\n\n<p>No podemos permitir que el tiempo siga transcurriendo sin que busquemos soluciones reales y efectivos mecanismos de prevenci\u00f3n. La vida de cada persona importa, y la sociedad debe unirse para garantizar que nadie quede en el olvido\u201d, detalla.<\/p>\n\n\n\n<p>Tanto a nivel estatal como nacional, las autoridades de procuraci\u00f3n de justicia han confirmado v\u00ednculos de Alexander Hern\u00e1ndez con la delincuencia organizada y esa podr\u00eda ser la raz\u00f3n de la desaparici\u00f3n de la pareja.<\/p>\n\n\n\n<p>Seg\u00fan la Fiscal\u00eda General del Estado de Oaxaca, contin\u00faan los operativos de b\u00fasqueda en la zona lim\u00edtrofe de esta entidad con Veracruz.<\/p>\n\n\n\n<p>Adem\u00e1s de la detenci\u00f3n de una persona, que ten\u00eda consigo el celular de Sandra Dom\u00ednguez, la Fiscal\u00eda ha ofrecido una recompensa de 500 mil pesos para quien ofrezca informaci\u00f3n real y veraz acerca del paradero de la joven.<\/p>\n","protected":false},"excerpt":{"rendered":"<p>Ismael Garc\u00eda M.\/Zona Roja. Oaxaca de Ju\u00e1rez, Oax., a 3 de enero de 2024.- En&hellip;<\/p>\n","protected":false},"author":2,"featured_media":76103,"comment_status":"closed","ping_status":"open","sticky":false,"template":"","format":"standard","meta":{"_lmt_disableupdate":"","_lmt_disable":"","_jetpack_memberships_contains_paid_content":false,"footnotes":""},"categories":[109,47],"tags":[4086],"class_list":["post-76102","post","type-post","status-publish","format-standard","has-post-thumbnail","hentry","category-minuto-a-minuto","category-zona-gris","tag-sandra-dominguez"],"jetpack_featured_media_url":"https:\/\/zonaroja.com.mx\/wp-content\/uploads\/2025\/01\/Sandra-Dominguez-Amnistia-Internacional.jpg","jetpack_sharing_enabled":true,"_links":{"self":[{"href":"https:\/\/zonaroja.com.mx\/index.php?rest_route=\/wp\/v2\/posts\/76102","targetHints":{"allow":["GET"]}}],"collection":[{"href":"https:\/\/zonaroja.com.mx\/index.php?rest_route=\/wp\/v2\/posts"}],"about":[{"href":"https:\/\/zonaroja.com.mx\/index.php?rest_route=\/wp\/v2\/types\/post"}],"author":[{"embeddable":true,"href":"https:\/\/zonaroja.com.mx\/index.php?rest_route=\/wp\/v2\/users\/2"}],"replies":[{"embeddable":true,"href":"https:\/\/zonaroja.com.mx\/index.php?rest_route=%2Fwp%2Fv2%2Fcomments&post=76102"}],"version-history":[{"count":1,"href":"https:\/\/zonaroja.com.mx\/index.php?rest_route=\/wp\/v2\/posts\/76102\/revisions"}],"predecessor-version":[{"id":76104,"href":"https:\/\/zonaroja.com.mx\/index.php?rest_route=\/wp\/v2\/posts\/76102\/revisions\/76104"}],"wp:featuredmedia":[{"embeddable":true,"href":"https:\/\/zonaroja.com.mx\/index.php?rest_route=\/wp\/v2\/media\/76103"}],"wp:attachment":[{"href":"https:\/\/zonaroja.com.mx\/index.php?rest_route=%2Fwp%2Fv2%2Fmedia&parent=76102"}],"wp:term":[{"taxonomy":"category","embeddable":true,"href":"https:\/\/zonaroja.com.mx\/index.php?rest_route=%2Fwp%2Fv2%2Fcategories&post=76102"},{"taxonomy":"post_tag","embeddable":true,"href":"https:\/\/zonaroja.com.mx\/index.php?rest_route=%2Fwp%2Fv2%2Ftags&post=76102"}],"curies":[{"name":"wp","href":"https:\/\/api.w.org\/{rel}","templated":true}]}}