{"id":76115,"date":"2025-01-03T19:08:59","date_gmt":"2025-01-04T01:08:59","guid":{"rendered":"https:\/\/zonaroja.com.mx\/?p=76115"},"modified":"2025-01-03T19:09:02","modified_gmt":"2025-01-04T01:09:02","slug":"yadis-todos-los-dias-dueles","status":"publish","type":"post","link":"https:\/\/zonaroja.com.mx\/?p=76115","title":{"rendered":"Yadis, todos los d\u00edas dueles"},"content":{"rendered":"\n<p>Ver\u00f3nica Villalvazo (Frida Guerrera)<\/p>\n\n\n\n<p>Yadira Izxchell naci\u00f3 un 23 de octubre del 2000. Era una mujer siempre inquieta, cari\u00f1osa, muy estudiosa e inteligente. En 2017 conoci\u00f3 a Alejandro Lara Montan. En octubre de 2019, se escap\u00f3 de casa con \u00e9l y empezaron a vivir juntos.&nbsp;<\/p>\n\n\n\n<p>Fue el 13 de marzo de 2022, cuando Yadira le mand\u00f3 un mensaje a su madre pidiendo fuera por ella, pero no estaba cerca. La suegra de&nbsp;Yadis&nbsp;y el feminicida,&nbsp;quisieron hacer pasar su muerte por suicidio.&nbsp;<\/p>\n\n\n\n<p>El 25 de agosto de 2022,&nbsp;a Alejandro le fue ejecutada la orden de aprehensi\u00f3n por feminicidio:&nbsp;el 29 de agosto,&nbsp;fue vinculado a proceso. El 8 de noviembre de 2023, Alejandro Lara Montan.&nbsp;<\/p>\n\n\n\n<p>Fue encontrado culpable por el feminicidio de Yadira, su esposa, la que lo am\u00f3&nbsp;y confi\u00f3,&nbsp;en que,&nbsp;\u00e9l tambi\u00e9n la amaba. Su condena,&nbsp;70 a\u00f1os de prisi\u00f3n,&nbsp;por haber dejado al peque\u00f1o de ambos,&nbsp;sin sus padres.<\/p>\n\n\n\n<p>Perla, madre de&nbsp;Yadis, ni siquiera puede, a\u00fan, redactar algunas l\u00edneas de la desesperanza, porque son cartas que no tienen respuestas, misivas que, pocos leen.&nbsp;<\/p>\n\n\n\n<p>Sandra y V\u00edctor,&nbsp;t\u00edos&nbsp;de&nbsp;Yadis, y hermanos de Perla, redactan una vez m\u00e1s, para su sobrina, con el objetivo claro, de que no sea olvidada.&nbsp;Que, a diario, recuerde, aquel, que se atrevi\u00f3 a arrebatarla, que nunca, llegar\u00e1 la paz, para \u00e9l.&nbsp;<\/p>\n\n\n\n<p>**********<br>\u201cQuerida sobrina Yadis,&nbsp;c\u00f3mo te dec\u00edamos siempre con mucho cari\u00f1o. Aunque f\u00edsicamente,&nbsp;no est\u00e9s,aqu\u00ed con nosotros.&nbsp;Siento que tu esp\u00edritu,&nbsp;sigue presente,&nbsp;en nuestros&nbsp;corazones, y&nbsp;tus recuerdos,viven en nuestras mentes.&nbsp;<\/p>\n\n\n\n<p>A pesar,&nbsp;de que tu partida temprana,&nbsp;nos ha llenado de tristeza. Quiero aprovechar esta oportunidad,&nbsp;para expresar todo lo que significas para m\u00ed,&nbsp;y como has dejado,&nbsp;una huella imborrable en mi vida.<\/p>\n\n\n\n<p>Desde el momento en que supe de tu llegada al mundo, mi coraz\u00f3n se llen\u00f3 de alegr\u00eda. Te convertiste en una parte especial de nuestra familia, en un rayo de luz,&nbsp;que iluminaba nuestras vidas. Tu sonrisa contagiosa,&nbsp;y tu risa dulce,&nbsp;siempre alegraban cualquier habitaci\u00f3n en la que estuvieras. Tu energ\u00eda y tu entusiasmo eran simplemente contagiosos.<\/p>\n\n\n\n<p>Recuerdo tantos momentos felices que compartimos juntos. Tu curiosidad innata y tu af\u00e1n por aprender siempre me inspiraron. Me encantaba,&nbsp;ver c\u00f3mo te emocionabas al descubrir algo nuevo,&nbsp;y como siempre,&nbsp;estabas dispuesta a explorar el mundo,&nbsp;que te rodeaba.<\/p>\n\n\n\n<p>Pero tambi\u00e9n s\u00e9 que hubo momentos dif\u00edciles, momentos en los que enfrentaste desaf\u00edos y pruebas en tu corto camino. Aunque me duele saber que tuviste que pasar por esas experiencias, admiro la fortaleza y valent\u00eda que mostraste en cada una de ellas.<\/p>\n\n\n\n<p>La noticia de tu partida fue devastadora. Mi coraz\u00f3n se rompi\u00f3 en mil pedazos y sent\u00ed que una parte de m\u00ed tambi\u00e9n se fue contigo. Extra\u00f1o tanto tu presencia f\u00edsica, tus abrazos c\u00e1lidos y tus palabras llenas de amor. Pero s\u00e9,&nbsp;que ahora est\u00e1s en un lugar mejor, en un lugar donde,&nbsp;no hay dolor,ni sufrimiento, donde solo existe la paz y la felicidad eternas.&nbsp;<\/p>\n\n\n\n<p>Espero y conf\u00edo en el creador,&nbsp;volver a verte,&nbsp;para darte todos esos abrazos que me faltaron darte, querida sobrina Yadis.<\/p>\n\n\n\n<p>V\u00edctor Antonio Cruz C. (t\u00edo de&nbsp;Yadis)<\/p>\n\n\n\n<p>*********<\/p>\n\n\n\n<p>Hoy me toca escribir estas l\u00edneas con profunda tristeza,&nbsp;pues,&nbsp;aunque ya ha pasado tiempo.&nbsp;Duele,como el primer d\u00eda. A\u00fan recuerdo cuando llegaste a nuestras vidas, con esa sonrisa inocente. Cada d\u00eda ve\u00edamos tus logros.&nbsp;\u00a1Tus primeros dientes, tus primeras palabras, tus primeros pasos, tus cumplea\u00f1os, el primer d\u00eda en el k\u00ednder! \u00a1las Navidades! En familia siempre. Jam\u00e1s imaginamos que al paso del tiempo todo esto cambiar\u00eda.&nbsp;<\/p>\n\n\n\n<p>\u00a1La Navidad ya no es lo mismo! \u00bfC\u00f3mo puede ser con tu ausencia? \u00bfC\u00f3mo volver a re\u00edr a carcajadas sin verte con nosotros? A\u00fan recuerdo con tant\u00edsima nostalgia la \u00faltima Navidad que estuviste en casa, tu abuelito estaba feliz, pues ten\u00eda a su nieta en Navidad como ya hac\u00eda a\u00f1os no pasaba. Recuerdo cu\u00e1nto te gust\u00f3 mi lasa\u00f1a, que qued\u00e9 en volver a hacerlo para ti, despu\u00e9s vino la pandemia y ya no pude\u2026<\/p>\n\n\n\n<p>Tu beb\u00e9 est\u00e1 creciendo cada d\u00eda m\u00e1s, y aunque estamos con la expectativa de su desarrollo. Tratamos de hacerlo feliz y verlo sonre\u00edr, lo apapachamos con todo nuestro amor, pero.&nbsp;S\u00e9 que jam\u00e1s podremos suplir tu cari\u00f1o y ausencia.<\/p>\n\n\n\n<p>&nbsp;\u00bfTu mami y tus hermanos, qu\u00e9 te digo?&nbsp;A\u00fan les duele escribir estas l\u00edneas.&nbsp;Tu ausencia los ha roto. Por lo que&nbsp;tu t\u00edo y yo escribimos estas l\u00edneas. Estos&nbsp;d\u00edas para ellos, son muy duros,&nbsp;a\u00fan es tan dif\u00edcil aceptar lo que te pas\u00f3. Estos d\u00edas,cambiaron para toda la familia.&nbsp;Cuando se supone que,&nbsp;para mucha gente es de mucha felicidad.&nbsp;<\/p>\n\n\n\n<p>Pero sacamos todas nuestras fuerzas para seguir. Y m\u00e1s,&nbsp;porque hay un beb\u00e9,&nbsp;a quien&nbsp;hay que,&nbsp;ense\u00f1arle lo bonito de la vida.<\/p>\n\n\n\n<p>Sandra (t\u00eda de&nbsp;Yadis)<\/p>\n\n\n\n<p>**********<\/p>\n\n\n\n<p>Eres madre, padre, hermana, hermano, hija, hijo. De una mujer v\u00edctima de feminicidio, desaparici\u00f3n, o intento de feminicidio: b\u00fascame, ay\u00fadame a visualizarlas y contar su historia. Voces de la Ausencia.<\/p>\n\n\n\n<p>&nbsp;P.D. Cada uno de los textos expuestos en este espacio, son con autorizaci\u00f3n y acompa\u00f1amiento de las v\u00edctimas. Porque s\u00f3lo somos, la extensi\u00f3n de su grito de justicia.<\/p>\n\n\n\n<p>@FridaGuerrera<\/p>\n\n\n\n<p>@vocesDLAusencia<\/p>\n","protected":false},"excerpt":{"rendered":"<p>Ver\u00f3nica Villalvazo (Frida Guerrera) Yadira Izxchell naci\u00f3 un 23 de octubre del 2000. Era una&hellip;<\/p>\n","protected":false},"author":2,"featured_media":69816,"comment_status":"closed","ping_status":"open","sticky":false,"template":"","format":"standard","meta":{"_lmt_disableupdate":"","_lmt_disable":"","_jetpack_memberships_contains_paid_content":false,"footnotes":""},"categories":[456,109],"tags":[946],"class_list":["post-76115","post","type-post","status-publish","format-standard","has-post-thumbnail","hentry","category-columna","category-minuto-a-minuto","tag-frida-guerrera"],"jetpack_featured_media_url":"https:\/\/zonaroja.com.mx\/wp-content\/uploads\/2024\/06\/Frida-Guerrera-Veronica-Villalvazo.jpg","jetpack_sharing_enabled":true,"_links":{"self":[{"href":"https:\/\/zonaroja.com.mx\/index.php?rest_route=\/wp\/v2\/posts\/76115","targetHints":{"allow":["GET"]}}],"collection":[{"href":"https:\/\/zonaroja.com.mx\/index.php?rest_route=\/wp\/v2\/posts"}],"about":[{"href":"https:\/\/zonaroja.com.mx\/index.php?rest_route=\/wp\/v2\/types\/post"}],"author":[{"embeddable":true,"href":"https:\/\/zonaroja.com.mx\/index.php?rest_route=\/wp\/v2\/users\/2"}],"replies":[{"embeddable":true,"href":"https:\/\/zonaroja.com.mx\/index.php?rest_route=%2Fwp%2Fv2%2Fcomments&post=76115"}],"version-history":[{"count":1,"href":"https:\/\/zonaroja.com.mx\/index.php?rest_route=\/wp\/v2\/posts\/76115\/revisions"}],"predecessor-version":[{"id":76116,"href":"https:\/\/zonaroja.com.mx\/index.php?rest_route=\/wp\/v2\/posts\/76115\/revisions\/76116"}],"wp:featuredmedia":[{"embeddable":true,"href":"https:\/\/zonaroja.com.mx\/index.php?rest_route=\/wp\/v2\/media\/69816"}],"wp:attachment":[{"href":"https:\/\/zonaroja.com.mx\/index.php?rest_route=%2Fwp%2Fv2%2Fmedia&parent=76115"}],"wp:term":[{"taxonomy":"category","embeddable":true,"href":"https:\/\/zonaroja.com.mx\/index.php?rest_route=%2Fwp%2Fv2%2Fcategories&post=76115"},{"taxonomy":"post_tag","embeddable":true,"href":"https:\/\/zonaroja.com.mx\/index.php?rest_route=%2Fwp%2Fv2%2Ftags&post=76115"}],"curies":[{"name":"wp","href":"https:\/\/api.w.org\/{rel}","templated":true}]}}