{"id":76117,"date":"2025-01-03T20:35:48","date_gmt":"2025-01-04T02:35:48","guid":{"rendered":"https:\/\/zonaroja.com.mx\/?p=76117"},"modified":"2025-01-03T20:35:50","modified_gmt":"2025-01-04T02:35:50","slug":"la-titular-del-poder-judicial-se-enferma-para-no-atender-protesta","status":"publish","type":"post","link":"https:\/\/zonaroja.com.mx\/?p=76117","title":{"rendered":"La titular del Poder Judicial \u201cse enferma\u201d para no atender protesta"},"content":{"rendered":"\n<p>Ismael Garc\u00eda M.\/Zona Roja.<\/p>\n\n\n\n<p>Oaxaca de Ju\u00e1rez, Oax., a 3 de enero de 2025.- Por en\u00e9sima ocasi\u00f3n, trabajadores de confianza del Poder Judicial de Oaxaca protestaron para exigir el pago de prestaciones pendientes desde diciembre pasado.<\/p>\n\n\n\n<p>Ahora lo hicieron en las instalaciones del Tribunal Superior de Justicia del Estado (TSJEO), ubicado en Ciudad Judicial, en Reyes Mantec\u00f3n, municipio de San Bartolo Coyotepec.<\/p>\n\n\n\n<p>Desde ayer los inconformes pidieron al pleno de magistrados, que se reunir\u00eda hoy, intervenir para acordar la solicitud de una auditor\u00eda a dicho \u00f3rgano, ante presuntos desfalcos y desv\u00edo de recursos econ\u00f3micos.<\/p>\n\n\n\n<p>Sin embargo, no hubo sesi\u00f3n, pues la presidenta del Tribunal, Berenice Ram\u00edrez Jim\u00e9nez, argument\u00f3 que se encontraba delicada de salud.<\/p>\n\n\n\n<p>\u201cEl Poder Judicial del Estado de Oaxaca informa que se reporta estable el estado de salud de la magistrada presidenta Berenice Ram\u00edrez Jim\u00e9nez, lo anterior, despu\u00e9s de haber sentido malestares f\u00edsicos que le obligaron a suspender la sesi\u00f3n solemne del inicio del primer periodo ordinario de sesiones correspondiente al a\u00f1o 2025\u201d, se precis\u00f3 hoy en un comunicado.<\/p>\n\n\n\n<p>El documento detalla que la magistrada recibe atenci\u00f3n de manera oportuna y se encuentra siguiendo las recomendaciones m\u00e9dicas en observaci\u00f3n; \u201cel Poder Judicial agradece las muestras de apoyo y solidaridad\u201d.<\/p>\n\n\n\n<p>No obstante, los empleados de confianza reproch\u00f3 la medida y expuso que no hay argumentos v\u00e1lidos para que no se les pague la totalidad de las prestaciones de fin de a\u00f1o.<\/p>\n\n\n\n<p>Reiteraron su petici\u00f3n para que el pleno del Tribunal intervenga a fin de que haya soluci\u00f3n a su demanda, que consiste en el pago completo de sus prestaciones.<\/p>\n\n\n\n<p>Recordaron que el 18 de diciembre del 2024, se present\u00f3 escrito ante la Comisi\u00f3n de Receso del Tribunal Superior de Justicia mediante el cual se hace del conocimiento el pago incompleto de las prestaciones de fin de a\u00f1o al personal de confianza, solicitando su intervenci\u00f3n para el pago \u00edntegro de nuestras prestaciones.<\/p>\n\n\n\n<p>El 26 de diciembre de 2024, la Comisi\u00f3n de Receso respondi\u00f3 que \u00ab\u2026de acuerdo a la \u00faltima parte del art\u00edculo 15 de la Ley Org\u00e1nica en cita, se ordena dar cuenta al Pleno del Tribunal Superior de Justicia con el contenido del escrito de cuenta, en la primera sesi\u00f3n del primer per\u00edodo ordinario de sesiones del a\u00f1o dos mil veinticinco.\u00bb<\/p>\n\n\n\n<p>TAMBI\u00c9N BUR\u00d3CRATAS&nbsp;<\/p>\n\n\n\n<p>Por otra parte, un grupo de trabajadores cesados del Gobierno del Estado protest\u00f3 hoy en el complejo gubernamental de Ciudad Administrativa, ubicado en Tlalixtac de Cabrera.<\/p>\n\n\n\n<p>Por varias horas cerraron los accesos al inmueble e impidieron la salida de trabajadores, para exigir una mesa de di\u00e1logo a fin de volver a analizar los 677 casos que no lograron recuperar su plaza, tras el decreto aprobado por el Congreso del Estado, el 11 de diciembre pasado.<\/p>\n\n\n\n<p>Y tras retirarse de ese lugar por la tarde, esta noche comenzaron en el exterior del Palacio de Gobierno, a fin de efectuar un \u201cplant\u00f3n\u201d permanente. Mientras tanto, el comit\u00e9 ejecutivo sindical dio a conocer que el lunes por la tarde una comisi\u00f3n ser\u00e1 recibida por representantes del Gobierno del Estado.<\/p>\n","protected":false},"excerpt":{"rendered":"<p>Ismael Garc\u00eda M.\/Zona Roja. Oaxaca de Ju\u00e1rez, Oax., a 3 de enero de 2025.- Por&hellip;<\/p>\n","protected":false},"author":2,"featured_media":76118,"comment_status":"closed","ping_status":"open","sticky":false,"template":"","format":"standard","meta":{"_lmt_disableupdate":"","_lmt_disable":"","_jetpack_memberships_contains_paid_content":false,"footnotes":""},"categories":[109,47],"tags":[3796,223],"class_list":["post-76117","post","type-post","status-publish","format-standard","has-post-thumbnail","hentry","category-minuto-a-minuto","category-zona-gris","tag-berenice-ramirez-jimenez","tag-poder-judicial-de-oaxaca"],"jetpack_featured_media_url":"https:\/\/zonaroja.com.mx\/wp-content\/uploads\/2025\/01\/Protesta-Poder-Judicial-empleados-de-confianza.jpg","jetpack_sharing_enabled":true,"_links":{"self":[{"href":"https:\/\/zonaroja.com.mx\/index.php?rest_route=\/wp\/v2\/posts\/76117","targetHints":{"allow":["GET"]}}],"collection":[{"href":"https:\/\/zonaroja.com.mx\/index.php?rest_route=\/wp\/v2\/posts"}],"about":[{"href":"https:\/\/zonaroja.com.mx\/index.php?rest_route=\/wp\/v2\/types\/post"}],"author":[{"embeddable":true,"href":"https:\/\/zonaroja.com.mx\/index.php?rest_route=\/wp\/v2\/users\/2"}],"replies":[{"embeddable":true,"href":"https:\/\/zonaroja.com.mx\/index.php?rest_route=%2Fwp%2Fv2%2Fcomments&post=76117"}],"version-history":[{"count":1,"href":"https:\/\/zonaroja.com.mx\/index.php?rest_route=\/wp\/v2\/posts\/76117\/revisions"}],"predecessor-version":[{"id":76119,"href":"https:\/\/zonaroja.com.mx\/index.php?rest_route=\/wp\/v2\/posts\/76117\/revisions\/76119"}],"wp:featuredmedia":[{"embeddable":true,"href":"https:\/\/zonaroja.com.mx\/index.php?rest_route=\/wp\/v2\/media\/76118"}],"wp:attachment":[{"href":"https:\/\/zonaroja.com.mx\/index.php?rest_route=%2Fwp%2Fv2%2Fmedia&parent=76117"}],"wp:term":[{"taxonomy":"category","embeddable":true,"href":"https:\/\/zonaroja.com.mx\/index.php?rest_route=%2Fwp%2Fv2%2Fcategories&post=76117"},{"taxonomy":"post_tag","embeddable":true,"href":"https:\/\/zonaroja.com.mx\/index.php?rest_route=%2Fwp%2Fv2%2Ftags&post=76117"}],"curies":[{"name":"wp","href":"https:\/\/api.w.org\/{rel}","templated":true}]}}