{"id":7613,"date":"2020-01-12T21:58:37","date_gmt":"2020-01-13T03:58:37","guid":{"rendered":"http:\/\/www.zonaroja.com.mx\/?p=7613"},"modified":"2020-01-12T21:58:40","modified_gmt":"2020-01-13T03:58:40","slug":"un-ejecutado-y-un-herido-en-tuxtepec-ataques-armados-en-salina-cruz-y-matias","status":"publish","type":"post","link":"https:\/\/zonaroja.com.mx\/?p=7613","title":{"rendered":"Un ejecutado y un herido en Tuxtepec; ataques armados en Salina Cruz y Mat\u00edas"},"content":{"rendered":"\n<p>Ismael\nGarc\u00eda M.\/Zona Roja.<\/p>\n\n\n\n<p>Foto:\nCortamortaja<\/p>\n\n\n\n<p>Oaxaca de\nJu\u00e1rez, Oax., 12 de enero de 2020.- Una persona ejecutada y al menos tres lesionadas\npor ataques armados, es el saldo violento de este domingo en Oaxaca.<\/p>\n\n\n\n<p>Esta noche,\nen San Juan Bautista Tuxtepec, sujetos provistos de armas de grueso calibre\ningresaron a un lugar denominado central de maquinaria, sobre la carretera\nTuxtepec-Palomares, y dispararon en contra de los ocupantes.<\/p>\n\n\n\n<p>El saldo fue\nde una persona asesinada, identificada como Jorge H., y otra m\u00e1s lesionada, que\nfue llevada a un hospital en un veh\u00edculo particular.<\/p>\n\n\n\n<p>Durante la\ntarde de este d\u00eda 12 de agresiones armadas cotidianas, en Salina Cruz fue\nagredido a balazos el conductor de un cami\u00f3n con n\u00famero econ\u00f3mico 03 del\ntransporte urbano de la l\u00ednea USUPAC.<\/p>\n\n\n\n<p>Los hechos\nsucedieron en la avenida conocida como Cuatro Carriles de la colonia Hidalgo\nOriente y el chofer en su huida del lugar para no ser rematado, abord\u00f3 un taxi\ncon rumbo al hospital; a\u00fan no ha sido identificado.<\/p>\n\n\n\n<p>Mientras que\nen el municipio de Mat\u00edas Romero, tambi\u00e9n hoy se registr\u00f3 una agresi\u00f3n con arma\nblanca en contra de un estudiante del Colegio de Bachilleres de Oaxaca, plantel\n05.<\/p>\n\n\n\n<p>El ataque\nfue en inmediaciones de la colonia Rinc\u00f3n Viego y la v\u00edctima, Gerardo T. M.,\nfue trasladada al hospital rural del IMSS.<\/p>\n\n\n\n<p>EJECUTADOS\nEN JUCHIT\u00c1N<\/p>\n\n\n\n<p>Por otra\nparte, la pareja de j\u00f3venes ejecutados anoche en Juchit\u00e1n de Zaragoza fue\nidentificada como Juan Antonio Altamirano Mart\u00ednez, originario de El Espinal,\nde 24 a\u00f1os, y Vianey Castillo Medina, 22 a\u00f1os de edad, quien ten\u00eda su domicilio\nen la Primera Secci\u00f3n de Juchit\u00e1n.<\/p>\n\n\n\n<p>Ambos fueron\nultimados en una camioneta blanca marca Nissan, con placas de circulaci\u00f3n RX\n57214 de Oaxaca, de la empresa E\u00f3lica Revergy, de donde era empleado el joven.<\/p>\n","protected":false},"excerpt":{"rendered":"<p>Ismael Garc\u00eda M.\/Zona Roja. Foto: Cortamortaja Oaxaca de Ju\u00e1rez, Oax., 12 de enero de 2020.-&hellip;<\/p>\n","protected":false},"author":2,"featured_media":7614,"comment_status":"closed","ping_status":"open","sticky":false,"template":"","format":"standard","meta":{"_lmt_disableupdate":"","_lmt_disable":"","_jetpack_memberships_contains_paid_content":false,"footnotes":""},"categories":[109,51],"tags":[168,118],"class_list":["post-7613","post","type-post","status-publish","format-standard","has-post-thumbnail","hentry","category-minuto-a-minuto","category-zona-roja","tag-salina-cruz","tag-san-juan-bautista-tuxtepec"],"jetpack_featured_media_url":"https:\/\/zonaroja.com.mx\/wp-content\/uploads\/2020\/01\/Balean_SalinaCruz2.jpg","jetpack_sharing_enabled":true,"_links":{"self":[{"href":"https:\/\/zonaroja.com.mx\/index.php?rest_route=\/wp\/v2\/posts\/7613","targetHints":{"allow":["GET"]}}],"collection":[{"href":"https:\/\/zonaroja.com.mx\/index.php?rest_route=\/wp\/v2\/posts"}],"about":[{"href":"https:\/\/zonaroja.com.mx\/index.php?rest_route=\/wp\/v2\/types\/post"}],"author":[{"embeddable":true,"href":"https:\/\/zonaroja.com.mx\/index.php?rest_route=\/wp\/v2\/users\/2"}],"replies":[{"embeddable":true,"href":"https:\/\/zonaroja.com.mx\/index.php?rest_route=%2Fwp%2Fv2%2Fcomments&post=7613"}],"version-history":[{"count":1,"href":"https:\/\/zonaroja.com.mx\/index.php?rest_route=\/wp\/v2\/posts\/7613\/revisions"}],"predecessor-version":[{"id":7615,"href":"https:\/\/zonaroja.com.mx\/index.php?rest_route=\/wp\/v2\/posts\/7613\/revisions\/7615"}],"wp:featuredmedia":[{"embeddable":true,"href":"https:\/\/zonaroja.com.mx\/index.php?rest_route=\/wp\/v2\/media\/7614"}],"wp:attachment":[{"href":"https:\/\/zonaroja.com.mx\/index.php?rest_route=%2Fwp%2Fv2%2Fmedia&parent=7613"}],"wp:term":[{"taxonomy":"category","embeddable":true,"href":"https:\/\/zonaroja.com.mx\/index.php?rest_route=%2Fwp%2Fv2%2Fcategories&post=7613"},{"taxonomy":"post_tag","embeddable":true,"href":"https:\/\/zonaroja.com.mx\/index.php?rest_route=%2Fwp%2Fv2%2Ftags&post=7613"}],"curies":[{"name":"wp","href":"https:\/\/api.w.org\/{rel}","templated":true}]}}