{"id":76131,"date":"2025-01-04T10:38:00","date_gmt":"2025-01-04T16:38:00","guid":{"rendered":"https:\/\/zonaroja.com.mx\/?p=76131"},"modified":"2025-01-04T07:43:29","modified_gmt":"2025-01-04T13:43:29","slug":"procesan-a-dos-imputados-por-asalto-a-tienda-oxxo-de-la-capital-de-oaxaca","status":"publish","type":"post","link":"https:\/\/zonaroja.com.mx\/?p=76131","title":{"rendered":"Procesan a dos imputados por asalto a tienda Oxxo de la capital de Oaxaca"},"content":{"rendered":"\n<p>Redacci\u00f3n\/Zona Roja.&nbsp;<\/p>\n\n\n\n<p>Oaxaca de Ju\u00e1rez, Oax., 3 de enero de 2025.- La Fiscal\u00eda General del Estado de Oaxaca (FGEO) obtuvo auto de vinculaci\u00f3n a proceso en contra de dos personas del sexo masculino identificadas como S.V.L. y C.C.O., por el delito de Robo con Violencia Moral cometido a una sucursal de la cadena de tiendas de conveniencia denominadas Oxxo S. A. de C. V., del centro de la ciudad de Oaxaca de Ju\u00e1rez.<\/p>\n\n\n\n<p>De acuerdo al expediente penal del caso, los hechos ocurrieron el 13 de noviembre de 2024, en la sucursal ubicada sobre la avenida Ju\u00e1rez esquina con Morelos del centro de la ciudad de Oaxaca, en donde los asaltantes amenazaron a los trabajadores para luego sustraer dinero en efectivo y otros objetos de la tienda.<\/p>\n\n\n\n<p>La investigaci\u00f3n revela que, una vez cometido el hecho, los responsables huyeron del lugar, sin embargo, fueron detenidos metros m\u00e1s adelante por elementos de la Polic\u00eda Estatal quienes hab\u00edan recibido el llamado de auxilio.<\/p>\n\n\n\n<p>Luego de la comisi\u00f3n del delito y tras ser puestos a disposici\u00f3n, la Fiscal\u00eda tom\u00f3 conocimiento de los hechos y a trav\u00e9s de la Vicefiscal\u00eda Regional de los Valles Centrales inici\u00f3 las investigaciones para luego recabar las pruebas pertinentes y presentarlas ante el Juez que atiende la causa, las cuales permitieron obtener auto de vinculaci\u00f3n a proceso en contra de los dos imputados S.V.L y C.C.O., por el delito de robo con violencia moral a las personas.<\/p>\n\n\n\n<p>Adem\u00e1s de ello, la autoridad judicial impuso prisi\u00f3n preventiva justificada como medida cautelar y otorg\u00f3 dos meses para el cierre de la investigaci\u00f3n complementaria.<\/p>\n\n\n\n<p>HOMICIDA DETENIDO<\/p>\n\n\n\n<p>Por otra parte, la Fiscal\u00eda General, en colaboraci\u00f3n interinstitucional con el estado de Veracruz, ejecutaron una orden de aprehensi\u00f3n que permiti\u00f3 la detenci\u00f3n de una persona del sexo masculino identificado como L.A.V.R., por el delito de homicidio calificado con ventaja, ocurrido en la regi\u00f3n de la Cuenca del Papaloapan.<\/p>\n\n\n\n<p>La detenci\u00f3n efectuada en el estado de Veracruz fue coordinada entre la Polic\u00eda Ministerial de Tierra Blanca de aquella entidad vecina y Agentes de Investigaci\u00f3n de Oaxaca, derivado de los hechos ocurridos el 14 de marzo de 2020, cuando la v\u00edctima, un hombre identificado como R.R.R., fue agredido con disparos de arma de fuego y privado de la vida en un domicilio ubicado en la localidad de Tetela perteneciente al municipio de Acatl\u00e1n de P\u00e9rez Figueroa de la entidad oaxaque\u00f1a.<\/p>\n\n\n\n<p>Una vez que la FGEO tom\u00f3 conocimiento del caso, despleg\u00f3 a un equipo multidisciplinario de la Vicefiscal\u00eda Regional de la Cuenca que acudi\u00f3 al lugar de los hechos y, derivado de las investigaciones, logr\u00f3 obtener una orden de aprehensi\u00f3n en contra de L.A.V.R.<\/p>\n\n\n\n<p>Una vez realizadas las labores de localizaci\u00f3n, se pudo establecer que L.A.V.R. se encontraba en el estado de Veracruz, por lo que se solicit\u00f3 la colaboraci\u00f3n con la Fiscal\u00eda de Veracruz para la ejecuci\u00f3n de la orden de aprehensi\u00f3n en su contra por lo que, luego de ser detenido fue trasladado a Oaxaca para ser puesto a disposici\u00f3n de la autoridad ministerial correspondiente.<\/p>\n","protected":false},"excerpt":{"rendered":"<p>Redacci\u00f3n\/Zona Roja.&nbsp; Oaxaca de Ju\u00e1rez, Oax., 3 de enero de 2025.- La Fiscal\u00eda General del&hellip;<\/p>\n","protected":false},"author":2,"featured_media":76133,"comment_status":"closed","ping_status":"open","sticky":false,"template":"","format":"standard","meta":{"_lmt_disableupdate":"","_lmt_disable":"","_jetpack_memberships_contains_paid_content":false,"footnotes":""},"categories":[109,46],"tags":[494],"class_list":["post-76131","post","type-post","status-publish","format-standard","has-post-thumbnail","hentry","category-minuto-a-minuto","category-zona-blanca","tag-fiscalia-general-del-estado-de-oaxaca"],"jetpack_featured_media_url":"https:\/\/zonaroja.com.mx\/wp-content\/uploads\/2025\/01\/Detenidos-Oxxo-asalto-Oaxaca.jpg","jetpack_sharing_enabled":true,"_links":{"self":[{"href":"https:\/\/zonaroja.com.mx\/index.php?rest_route=\/wp\/v2\/posts\/76131","targetHints":{"allow":["GET"]}}],"collection":[{"href":"https:\/\/zonaroja.com.mx\/index.php?rest_route=\/wp\/v2\/posts"}],"about":[{"href":"https:\/\/zonaroja.com.mx\/index.php?rest_route=\/wp\/v2\/types\/post"}],"author":[{"embeddable":true,"href":"https:\/\/zonaroja.com.mx\/index.php?rest_route=\/wp\/v2\/users\/2"}],"replies":[{"embeddable":true,"href":"https:\/\/zonaroja.com.mx\/index.php?rest_route=%2Fwp%2Fv2%2Fcomments&post=76131"}],"version-history":[{"count":1,"href":"https:\/\/zonaroja.com.mx\/index.php?rest_route=\/wp\/v2\/posts\/76131\/revisions"}],"predecessor-version":[{"id":76134,"href":"https:\/\/zonaroja.com.mx\/index.php?rest_route=\/wp\/v2\/posts\/76131\/revisions\/76134"}],"wp:featuredmedia":[{"embeddable":true,"href":"https:\/\/zonaroja.com.mx\/index.php?rest_route=\/wp\/v2\/media\/76133"}],"wp:attachment":[{"href":"https:\/\/zonaroja.com.mx\/index.php?rest_route=%2Fwp%2Fv2%2Fmedia&parent=76131"}],"wp:term":[{"taxonomy":"category","embeddable":true,"href":"https:\/\/zonaroja.com.mx\/index.php?rest_route=%2Fwp%2Fv2%2Fcategories&post=76131"},{"taxonomy":"post_tag","embeddable":true,"href":"https:\/\/zonaroja.com.mx\/index.php?rest_route=%2Fwp%2Fv2%2Ftags&post=76131"}],"curies":[{"name":"wp","href":"https:\/\/api.w.org\/{rel}","templated":true}]}}