{"id":76143,"date":"2025-01-04T21:09:40","date_gmt":"2025-01-05T03:09:40","guid":{"rendered":"https:\/\/zonaroja.com.mx\/?p=76143"},"modified":"2025-01-04T21:09:40","modified_gmt":"2025-01-05T03:09:40","slug":"mexico-uno-de-los-paises-mas-letales-para-el-periodismo","status":"publish","type":"post","link":"https:\/\/zonaroja.com.mx\/?p=76143","title":{"rendered":"M\u00e9xico, uno de los pa\u00edses m\u00e1s letales para el periodismo"},"content":{"rendered":"\n<p>Redacci\u00f3n\/Zona Roja Cdmx.<\/p>\n\n\n\n<p>Ciudad de M\u00e9xico, a 4 de enero de 2025.- Al menos siete periodistas murieron asesinados en M\u00e9xico en el ejercicio de su labor en 2024, la tercera cifra m\u00e1s alta del mundo, solo por detr\u00e1s de 18 de Palestina y ocho de Pakist\u00e1n, report\u00f3 la Organizaci\u00f3n de Naciones Unidas para la Educaci\u00f3n, la Ciencia y la Cultura (Unesco).<\/p>\n\n\n\n<p>\u201cEn M\u00e9xico se registraron siete asesinatos de periodistas en el 2024, misma cifra registrada en el 2023. El \u00faltimo caso de 2024 incorporado al Observatorio fue el de la periodista Patricia Ram\u00edrez Gonz\u00e1lez (en Colima, el 30 de octubre)\u201d, indic\u00f3 el organismo en un comunicado.<\/p>\n\n\n\n<p>En contraste, record\u00f3 que el pa\u00eds registr\u00f3 19 asesinatos de periodistas en 2022.<\/p>\n\n\n\n<p>Adem\u00e1s de Ram\u00edrez Gonz\u00e1lez, el Observatorio de Periodistas Asesinados document\u00f3 en 2024 las muertes de Roberto Figueroa, director del medio en \u2018Ac\u00e1 en el Show\u2019, el 26 de abril en Morelos, y el hallazgo el 12 de junio del cad\u00e1ver de V\u00edctor Manuel J\u00edmenez, quien llevaba cuatro a\u00f1os desaparecido en Guanajuato.<\/p>\n\n\n\n<p>Tambi\u00e9n registr\u00f3 el asesinato de V\u00edctor Alfonso Culebro, director del portal \u2018Realidades\u2019, el 28 de junio en Chiapas; de Alejandro Mart\u00ednez Noguez, creador de \u2018El hijo del Llanero Solitario\u2019, el 4 de agosto en Guanajuato, y de Enrique Hern\u00e1ndez, periodista de Guerrero que apareci\u00f3 en una fosa clandestina el 31 de agosto.<\/p>\n\n\n\n<p>La lista la completa Mauricio Cruz Sol\u00eds, fundador del portal \u2018Minuto X Minuto Michoac\u00e1n\u2019, asesinado el 29 de octubre.<br>Con ello, M\u00e9xico concentr\u00f3 casi uno de cada 10 homicidios de periodistas en 2024, cuando la Unesco contabiliz\u00f3 68 a nivel mundial.<\/p>\n\n\n\n<p>La Unesco reiter\u00f3 que hacia la conmemoraci\u00f3n del D\u00eda Nacional del Periodista en M\u00e9xico este 4 de enero, \u201cel pa\u00eds tiene la oportunidad de seguir impulsando el reconocimiento al trabajo de las personas periodistas como sustancial para lograr el bienestar com\u00fan\u201d.<\/p>\n\n\n\n<p>\u201cY con ello fortalecer el debido proceso y atenci\u00f3n a los cr\u00edmenes contra periodistas, mitigar riesgos, mejorar sus condiciones laborales y fortalecer los trabajos de investigaci\u00f3n de los asesinatos y su diligencia\u201d, consider\u00f3.<\/p>\n\n\n\n<p>Pese al panorama en M\u00e9xico, el organismo destac\u00f3 que las estimaciones sugieren \u201cque puede haberse avanzado en la lucha contra los ataques a periodistas\u201d, pues Am\u00e9rica Latina y el Caribe registraron 12 asesinatos en 2024, en comparaci\u00f3n con los 18 de 2023 y 43 de 2022.<\/p>\n\n\n\n<p>(Informaci\u00f3n de EFE en L\u00f3pez-D\u00f3riga Digital)<\/p>\n","protected":false},"excerpt":{"rendered":"<p>Redacci\u00f3n\/Zona Roja Cdmx. Ciudad de M\u00e9xico, a 4 de enero de 2025.- Al menos siete&hellip;<\/p>\n","protected":false},"author":2,"featured_media":64021,"comment_status":"closed","ping_status":"open","sticky":false,"template":"","format":"standard","meta":{"_lmt_disableupdate":"","_lmt_disable":"","_jetpack_memberships_contains_paid_content":false,"footnotes":""},"categories":[109,47],"tags":[],"class_list":["post-76143","post","type-post","status-publish","format-standard","has-post-thumbnail","hentry","category-minuto-a-minuto","category-zona-gris"],"jetpack_featured_media_url":"https:\/\/zonaroja.com.mx\/wp-content\/uploads\/2024\/01\/Periodismo-periodista-reporteros.jpg","jetpack_sharing_enabled":true,"_links":{"self":[{"href":"https:\/\/zonaroja.com.mx\/index.php?rest_route=\/wp\/v2\/posts\/76143","targetHints":{"allow":["GET"]}}],"collection":[{"href":"https:\/\/zonaroja.com.mx\/index.php?rest_route=\/wp\/v2\/posts"}],"about":[{"href":"https:\/\/zonaroja.com.mx\/index.php?rest_route=\/wp\/v2\/types\/post"}],"author":[{"embeddable":true,"href":"https:\/\/zonaroja.com.mx\/index.php?rest_route=\/wp\/v2\/users\/2"}],"replies":[{"embeddable":true,"href":"https:\/\/zonaroja.com.mx\/index.php?rest_route=%2Fwp%2Fv2%2Fcomments&post=76143"}],"version-history":[{"count":1,"href":"https:\/\/zonaroja.com.mx\/index.php?rest_route=\/wp\/v2\/posts\/76143\/revisions"}],"predecessor-version":[{"id":76144,"href":"https:\/\/zonaroja.com.mx\/index.php?rest_route=\/wp\/v2\/posts\/76143\/revisions\/76144"}],"wp:featuredmedia":[{"embeddable":true,"href":"https:\/\/zonaroja.com.mx\/index.php?rest_route=\/wp\/v2\/media\/64021"}],"wp:attachment":[{"href":"https:\/\/zonaroja.com.mx\/index.php?rest_route=%2Fwp%2Fv2%2Fmedia&parent=76143"}],"wp:term":[{"taxonomy":"category","embeddable":true,"href":"https:\/\/zonaroja.com.mx\/index.php?rest_route=%2Fwp%2Fv2%2Fcategories&post=76143"},{"taxonomy":"post_tag","embeddable":true,"href":"https:\/\/zonaroja.com.mx\/index.php?rest_route=%2Fwp%2Fv2%2Ftags&post=76143"}],"curies":[{"name":"wp","href":"https:\/\/api.w.org\/{rel}","templated":true}]}}