{"id":76146,"date":"2025-01-05T07:11:34","date_gmt":"2025-01-05T13:11:34","guid":{"rendered":"https:\/\/zonaroja.com.mx\/?p=76146"},"modified":"2025-01-05T07:12:31","modified_gmt":"2025-01-05T13:12:31","slug":"rinde-protesta-nuevo-comandante-de-la-xxviii-militar-de-la-sedena","status":"publish","type":"post","link":"https:\/\/zonaroja.com.mx\/?p=76146","title":{"rendered":"Rinde protesta nuevo comandante de la XXVIII Militar de la Sedena"},"content":{"rendered":"\n<p>Raymundo Morales\/Zona Roja.<\/p>\n\n\n\n<p>Santa Luc\u00eda del Camino, Oax., a 5 de diciembre de 2024.- Este s\u00e1bado, el General de Divisi\u00f3n de Estado Mayor,&nbsp; Gabriel Garc\u00eda Rinc\u00f3n, comandante de la VIII Regi\u00f3n Militar de la Secretar\u00eda de la Defensa Nacional (Sedena), dio posesi\u00f3n al General de Brigada de Estado Mayor, Fernando Antonio Solares Lammel, como comandante de la XXVIII Zona Militar en Oaxaca, que abarca las regiones de: Valles Centrales,<\/p>\n\n\n\n<p>La ceremonia militar se efectu\u00f3 en la sede del VI Regimiento de Artiller\u00eda en Santa Mar\u00eda Ixcotel, al que acudi\u00f3 el secretario de Gobierno, Jes\u00fas Romero L\u00f3pez, con la representaci\u00f3n del mandatario Salom\u00f3n Jara Cruz; adem\u00e1s, estuvo presente el fiscal General del Estado, Bernardo Rodr\u00edguez Alamilla.<\/p>\n\n\n\n<p>El nuevo mando de la Zona Militar cuenta con el Curso de Mando y Estado Mayor General y la licenciatura en Administraci\u00f3n Militar en la Escuela Superior de Guerra; tambi\u00e9n, es maestro en Seguridad Interior y Defensa Nacional por el Colegio de Defensa Nacional.<\/p>\n\n\n\n<p>Gracias a esta preparaci\u00f3n, el General Solares Lammel ha ocupado diversos cargos de gran relevancia en las unidades, dependencias e instalaciones del Ej\u00e9rcito Mexicano, como los de Comandante de la IXX Zona Militar, en Tuxpan, Veracruz.<\/p>\n\n\n\n<p>Asimismo, en los Batallones de Infanter\u00eda de Puerto Escondido, Oaxaca, y Minatitl\u00e1n, Veracruz, as\u00ed como en las Brigadas de Infanter\u00eda Independiente, en la Ciudad de M\u00e9xico.<\/p>\n\n\n\n<p>Adem\u00e1s, ha sido Agregado Militar y A\u00e9reo en la Embajada de M\u00e9xico en la Rep\u00fablica del Per\u00fa.<\/p>\n\n\n\n<p>Entre otros, asistieron a la toma protesta los presidentes municipales de Oaxaca de Ju\u00e1rez, Raymundo Chagoya Villanueva, y de Santa Luc\u00eda del Camino, Juan Carlos Garc\u00eda M\u00e1rquez, as\u00ed como los secretarios de Turismo, Saymi Pineda Velasco, y de Seguridad, Iv\u00e1n Garc\u00eda \u00c1lvarez.<\/p>\n\n\n\n<figure class=\"wp-block-embed is-type-rich is-provider-twitter wp-block-embed-twitter\"><div class=\"wp-block-embed__wrapper\">\n<div class=\"twitter-tweet\"><blockquote class=\"twitter-tweet\" data-lang=\"es\"><p lang=\"es\" dir=\"ltr\">El General de Divisi\u00f3n de Estado Mayor, Gabriel Garc\u00eda Rinc\u00f3n, comandante de la VIII Regi\u00f3n Militar de la <a href=\"https:\/\/twitter.com\/SEDENAmx?ref_src=twsrc%5Etfw\">@SEDENAmx<\/a>, dio posesi\u00f3n hoy al<br>General de Brigada de Estado Mayor, Fernando Antonio Solares Lammel, como comandante de la XXVIII Zona Militar, la cual abarca las regiones\u2026 <a href=\"https:\/\/t.co\/PDPx85OD9g\">pic.twitter.com\/PDPx85OD9g<\/a><\/p>&mdash; Zona Roja Oaxaca (@ZonaRoja_Oaxaca) <a href=\"https:\/\/twitter.com\/ZonaRoja_Oaxaca\/status\/1875727490276020325?ref_src=twsrc%5Etfw\">5 de enero de 2025<\/a><\/blockquote><\/div>\n<\/div><\/figure>\n","protected":false},"excerpt":{"rendered":"<p>Raymundo Morales\/Zona Roja. Santa Luc\u00eda del Camino, Oax., a 5 de diciembre de 2024.- Este&hellip;<\/p>\n","protected":false},"author":2,"featured_media":76147,"comment_status":"closed","ping_status":"open","sticky":false,"template":"","format":"standard","meta":{"_lmt_disableupdate":"","_lmt_disable":"","_jetpack_memberships_contains_paid_content":false,"footnotes":""},"categories":[109,46],"tags":[725],"class_list":["post-76146","post","type-post","status-publish","format-standard","has-post-thumbnail","hentry","category-minuto-a-minuto","category-zona-blanca","tag-secretaria-de-la-defensa-nacional-sedena"],"jetpack_featured_media_url":"https:\/\/zonaroja.com.mx\/wp-content\/uploads\/2025\/01\/Toma-de-protesta-comandante-Zona-Militar-Sedena-Ixcotel.jpg","jetpack_sharing_enabled":true,"_links":{"self":[{"href":"https:\/\/zonaroja.com.mx\/index.php?rest_route=\/wp\/v2\/posts\/76146","targetHints":{"allow":["GET"]}}],"collection":[{"href":"https:\/\/zonaroja.com.mx\/index.php?rest_route=\/wp\/v2\/posts"}],"about":[{"href":"https:\/\/zonaroja.com.mx\/index.php?rest_route=\/wp\/v2\/types\/post"}],"author":[{"embeddable":true,"href":"https:\/\/zonaroja.com.mx\/index.php?rest_route=\/wp\/v2\/users\/2"}],"replies":[{"embeddable":true,"href":"https:\/\/zonaroja.com.mx\/index.php?rest_route=%2Fwp%2Fv2%2Fcomments&post=76146"}],"version-history":[{"count":3,"href":"https:\/\/zonaroja.com.mx\/index.php?rest_route=\/wp\/v2\/posts\/76146\/revisions"}],"predecessor-version":[{"id":76151,"href":"https:\/\/zonaroja.com.mx\/index.php?rest_route=\/wp\/v2\/posts\/76146\/revisions\/76151"}],"wp:featuredmedia":[{"embeddable":true,"href":"https:\/\/zonaroja.com.mx\/index.php?rest_route=\/wp\/v2\/media\/76147"}],"wp:attachment":[{"href":"https:\/\/zonaroja.com.mx\/index.php?rest_route=%2Fwp%2Fv2%2Fmedia&parent=76146"}],"wp:term":[{"taxonomy":"category","embeddable":true,"href":"https:\/\/zonaroja.com.mx\/index.php?rest_route=%2Fwp%2Fv2%2Fcategories&post=76146"},{"taxonomy":"post_tag","embeddable":true,"href":"https:\/\/zonaroja.com.mx\/index.php?rest_route=%2Fwp%2Fv2%2Ftags&post=76146"}],"curies":[{"name":"wp","href":"https:\/\/api.w.org\/{rel}","templated":true}]}}