{"id":76154,"date":"2025-01-05T11:00:00","date_gmt":"2025-01-05T17:00:00","guid":{"rendered":"https:\/\/zonaroja.com.mx\/?p=76154"},"modified":"2025-01-05T07:24:43","modified_gmt":"2025-01-05T13:24:43","slug":"escala-crisis-en-poder-judicial-de-oaxaca-y-amagan-con-destituir-a-presidenta","status":"publish","type":"post","link":"https:\/\/zonaroja.com.mx\/?p=76154","title":{"rendered":"Escala crisis en Poder Judicial de Oaxaca y amagan con destituir a presidenta"},"content":{"rendered":"\n<p>Raymundo Morales\/Zona Roja.<\/p>\n\n\n\n<p>Oaxaca de Ju\u00e1rez, Oax., a 5 de enero de 2024.- La crisis en el Poder Judicial del Estado de Oaxaca escala y ahora la mayor\u00eda de los integrantes del Pleno amaga con destituir a la magistrada presidenta, Berenice Ram\u00edrez Jim\u00e9nez.<\/p>\n\n\n\n<p>Luego de que el pasado viernes fuera suspendida la sesi\u00f3n del Tribunal Superior de Justicia, al argumentar la presidenta que se sent\u00eda mal de salud, magistradas y magistrados emitieron un documento para solicitar se reanude la asamblea, este lunes 6 de enero.<\/p>\n\n\n\n<p>\u201cLa convocamos a la continuaci\u00f3n de la sesi\u00f3n solemne para las 09:00 horas del d\u00eda 06 de enero de 2025, apercibi\u00e9ndola que en caso de no asistir a la sesi\u00f3n para la que se le est\u00e1 convoc\u00e1ndomelo, con fundamento en el art\u00edculo 20 Qu\u00e1ter de la citada Ley Org\u00e1nica, aplicado por analog\u00eda, se nombrar\u00e1 al magistrado respectivo para que presida la sesi\u00f3n que nos ocupa y de conclusi\u00f3n de la misma\u201d.<\/p>\n\n\n\n<p>Ese es parte del escrito que firman varios magistrados, dirigido a Berenice Ram\u00edrez Jim\u00e9nez; otro documento similar turnaron a la secretaria General de Acuerdos, Liliana Noyola Canseco.<\/p>\n\n\n\n<p>\u00abEn caso de no asistir a la sesi\u00f3n, ser\u00e1 destituida de su cargo y se nombrar\u00e1 a otra persona para que contin\u00fae el desahogo del orden del d\u00eda\u201d, manifiestan.<\/p>\n\n\n\n<p>Cabe mencionar que la crisis en el Poder Judicial arreci\u00f3 a principios de diciembre pasado, cuando empleados de confianza denunciaron que la magistrada presidenta se neg\u00f3 a pagarles prestaciones de fin de a\u00f1o.<\/p>\n\n\n\n<p>A ra\u00edz de ello han salido una serie de denuncias que se\u00f1alan probable desv\u00edo de recursos y corrupci\u00f3n en el \u00f3rgano que preside Berenice Ram\u00edrez Jim\u00e9nez.<\/p>\n","protected":false},"excerpt":{"rendered":"<p>Raymundo Morales\/Zona Roja. Oaxaca de Ju\u00e1rez, Oax., a 5 de enero de 2024.- La crisis&hellip;<\/p>\n","protected":false},"author":2,"featured_media":76155,"comment_status":"closed","ping_status":"open","sticky":false,"template":"","format":"standard","meta":{"_lmt_disableupdate":"","_lmt_disable":"","_jetpack_memberships_contains_paid_content":false,"footnotes":""},"categories":[109,47],"tags":[3796],"class_list":["post-76154","post","type-post","status-publish","format-standard","has-post-thumbnail","hentry","category-minuto-a-minuto","category-zona-gris","tag-berenice-ramirez-jimenez"],"jetpack_featured_media_url":"https:\/\/zonaroja.com.mx\/wp-content\/uploads\/2025\/01\/Magistrados-Tribunal-Superior-de-justicia-reunion-pleno.jpg","jetpack_sharing_enabled":true,"_links":{"self":[{"href":"https:\/\/zonaroja.com.mx\/index.php?rest_route=\/wp\/v2\/posts\/76154","targetHints":{"allow":["GET"]}}],"collection":[{"href":"https:\/\/zonaroja.com.mx\/index.php?rest_route=\/wp\/v2\/posts"}],"about":[{"href":"https:\/\/zonaroja.com.mx\/index.php?rest_route=\/wp\/v2\/types\/post"}],"author":[{"embeddable":true,"href":"https:\/\/zonaroja.com.mx\/index.php?rest_route=\/wp\/v2\/users\/2"}],"replies":[{"embeddable":true,"href":"https:\/\/zonaroja.com.mx\/index.php?rest_route=%2Fwp%2Fv2%2Fcomments&post=76154"}],"version-history":[{"count":1,"href":"https:\/\/zonaroja.com.mx\/index.php?rest_route=\/wp\/v2\/posts\/76154\/revisions"}],"predecessor-version":[{"id":76156,"href":"https:\/\/zonaroja.com.mx\/index.php?rest_route=\/wp\/v2\/posts\/76154\/revisions\/76156"}],"wp:featuredmedia":[{"embeddable":true,"href":"https:\/\/zonaroja.com.mx\/index.php?rest_route=\/wp\/v2\/media\/76155"}],"wp:attachment":[{"href":"https:\/\/zonaroja.com.mx\/index.php?rest_route=%2Fwp%2Fv2%2Fmedia&parent=76154"}],"wp:term":[{"taxonomy":"category","embeddable":true,"href":"https:\/\/zonaroja.com.mx\/index.php?rest_route=%2Fwp%2Fv2%2Fcategories&post=76154"},{"taxonomy":"post_tag","embeddable":true,"href":"https:\/\/zonaroja.com.mx\/index.php?rest_route=%2Fwp%2Fv2%2Ftags&post=76154"}],"curies":[{"name":"wp","href":"https:\/\/api.w.org\/{rel}","templated":true}]}}