{"id":76160,"date":"2025-01-05T11:28:00","date_gmt":"2025-01-05T17:28:00","guid":{"rendered":"https:\/\/zonaroja.com.mx\/?p=76160"},"modified":"2025-01-05T07:29:16","modified_gmt":"2025-01-05T13:29:16","slug":"busqueda-de-sandra-dominguez-no-ha-cesado-hay-mas-informacion","status":"publish","type":"post","link":"https:\/\/zonaroja.com.mx\/?p=76160","title":{"rendered":"B\u00fasqueda de Sandra Dom\u00ednguez no ha cesado; hay m\u00e1s informaci\u00f3n\u00a0"},"content":{"rendered":"\n<p>Redacci\u00f3n\/Estado 20.<\/p>\n\n\n\n<p>Oaxaca de Ju\u00e1rez, Oax., a 5 de enero de 2025.- El fiscal general de Oaxaca, Bernardo Rodr\u00edguez Alamilla, asegur\u00f3 que contin\u00faa la b\u00fasqueda de la defensora y activista Sandra Dom\u00ednguez Mart\u00ednez y de su esposo Alexander Hern\u00e1ndez Hern\u00e1ndez, e inform\u00f3 que ya se tienen avances importantes en las investigaciones que se dar\u00e1n a conocer a la brevedad.<\/p>\n\n\n\n<p>\u201cContin\u00faan las b\u00fasquedas, tenemos informaci\u00f3n importante, que se ha estado trabajando justamente en la regi\u00f3n, tenemos personas de la instituci\u00f3n, hay una fuerte colaboraci\u00f3n con autoridades federales que tambi\u00e9n est\u00e1n ayudando en el tema de la localizaci\u00f3n\u201d, dijo.<\/p>\n\n\n\n<p>Este s\u00e1bado se cumplieron tres meses de la desaparici\u00f3n de Sandra Dom\u00ednguez y su esposo Alexander Hern\u00e1ndez, quienes fueron vistos por \u00faltima vez el 4 de octubre de 2024 en su domicilio en Mar\u00eda Lombardo de Caso, municipio de San Juan Cotzoc\u00f3n.<\/p>\n\n\n\n<p>La v\u00edspera, Amnist\u00eda Internaci\u00f3n emiti\u00f3 por segunda ocasi\u00f3n una acci\u00f3n urgente por los 90 d\u00edas de la desaparici\u00f3n de la activista y su esposo, en la que hace un llamado a las autoridades mexicanas a tomar todas las medidas y recursos necesarios para encontrar con vida a la defensora Sandra Dom\u00ednguez en coordinaci\u00f3n con sus familiares y todas las autoridades responsables de la b\u00fasqueda, as\u00ed como llevar ante la justicia a los responsables de la desaparici\u00f3n.<\/p>\n\n\n\n<p>Bernardo Rodr\u00edguez expres\u00f3 que entiende la desaparici\u00f3n de la familia porque hasta el momento no se ha logrado localizar a la activista; pero, sostuvo que Sandra Dom\u00ednguez siempre ha sido una prioridad para la Fiscal\u00eda de Oaxaca.&nbsp;<\/p>\n\n\n\n<p>\u201cSandra siempre ha sido para nosotros un tema de prioridad, la seguimos buscando; pero tambi\u00e9n tenemos una labor de investigaci\u00f3n de delitos cometidos ah\u00ed en la zona y de manera particular de la pareja de ella\u201d.<\/p>\n\n\n\n<p>El Fiscal de Oaxaca recalc\u00f3 que en ning\u00fan momento se ha dejado de buscar y reiter\u00f3 que hay avances importantes en la investigaci\u00f3n.<\/p>\n","protected":false},"excerpt":{"rendered":"<p>Redacci\u00f3n\/Estado 20. Oaxaca de Ju\u00e1rez, Oax., a 5 de enero de 2025.- El fiscal general&hellip;<\/p>\n","protected":false},"author":2,"featured_media":76161,"comment_status":"closed","ping_status":"open","sticky":false,"template":"","format":"standard","meta":{"_lmt_disableupdate":"","_lmt_disable":"","_jetpack_memberships_contains_paid_content":false,"footnotes":""},"categories":[109,46],"tags":[1262,494],"class_list":["post-76160","post","type-post","status-publish","format-standard","has-post-thumbnail","hentry","category-minuto-a-minuto","category-zona-blanca","tag-bernardo-rodriguez-alamilla","tag-fiscalia-general-del-estado-de-oaxaca"],"jetpack_featured_media_url":"https:\/\/zonaroja.com.mx\/wp-content\/uploads\/2025\/01\/Bernardo-Rodriguez-Alamilla.jpeg","jetpack_sharing_enabled":true,"_links":{"self":[{"href":"https:\/\/zonaroja.com.mx\/index.php?rest_route=\/wp\/v2\/posts\/76160","targetHints":{"allow":["GET"]}}],"collection":[{"href":"https:\/\/zonaroja.com.mx\/index.php?rest_route=\/wp\/v2\/posts"}],"about":[{"href":"https:\/\/zonaroja.com.mx\/index.php?rest_route=\/wp\/v2\/types\/post"}],"author":[{"embeddable":true,"href":"https:\/\/zonaroja.com.mx\/index.php?rest_route=\/wp\/v2\/users\/2"}],"replies":[{"embeddable":true,"href":"https:\/\/zonaroja.com.mx\/index.php?rest_route=%2Fwp%2Fv2%2Fcomments&post=76160"}],"version-history":[{"count":1,"href":"https:\/\/zonaroja.com.mx\/index.php?rest_route=\/wp\/v2\/posts\/76160\/revisions"}],"predecessor-version":[{"id":76162,"href":"https:\/\/zonaroja.com.mx\/index.php?rest_route=\/wp\/v2\/posts\/76160\/revisions\/76162"}],"wp:featuredmedia":[{"embeddable":true,"href":"https:\/\/zonaroja.com.mx\/index.php?rest_route=\/wp\/v2\/media\/76161"}],"wp:attachment":[{"href":"https:\/\/zonaroja.com.mx\/index.php?rest_route=%2Fwp%2Fv2%2Fmedia&parent=76160"}],"wp:term":[{"taxonomy":"category","embeddable":true,"href":"https:\/\/zonaroja.com.mx\/index.php?rest_route=%2Fwp%2Fv2%2Fcategories&post=76160"},{"taxonomy":"post_tag","embeddable":true,"href":"https:\/\/zonaroja.com.mx\/index.php?rest_route=%2Fwp%2Fv2%2Ftags&post=76160"}],"curies":[{"name":"wp","href":"https:\/\/api.w.org\/{rel}","templated":true}]}}