{"id":76163,"date":"2025-01-05T12:34:00","date_gmt":"2025-01-05T18:34:00","guid":{"rendered":"https:\/\/zonaroja.com.mx\/?p=76163"},"modified":"2025-01-05T07:35:38","modified_gmt":"2025-01-05T13:35:38","slug":"asesinan-a-cinco-en-tabasco-y-a-tres-adolescentes-en-guanajuato","status":"publish","type":"post","link":"https:\/\/zonaroja.com.mx\/?p=76163","title":{"rendered":"Asesinan a cinco en Tabasco y a tres adolescentes en Guanajuato"},"content":{"rendered":"\n<p>Redacci\u00f3n\/Zona Roja Cdmx.<\/p>\n\n\n\n<p>Ciudad de M\u00e9xico, a 5 de enero de 2025.- Anoche, cinco personas fueron asesinadas y siete m\u00e1s resultaron heridas durante un ataque armado en el \u201cBar Azul\u201d de Villahermosa, en el contexto de una ola de violencia que vive Tabasco.<\/p>\n\n\n\n<p>De acuerdo con informaci\u00f3n de la agencia Proceso, el vocero del gobierno estatal, Fernando V\u00e1zquez Rosas, inform\u00f3 que \u00abfuerzas estatales y federales han desplegado un operativo de b\u00fasqueda de los responsables\u00bb del multihomicidio.<\/p>\n\n\n\n<p>Asever\u00f3 que, adem\u00e1s de patrullajes por la zona, \u00abse da seguimiento a trav\u00e9s de c\u00e1maras para ubicar a los autores del hecho violento ocurrido esta noche\u00bb. Precis\u00f3 que el ataque dej\u00f3 cinco fallecidos por disparos de arma de fuego, a los que se suman siete personas lesionadas.<\/p>\n\n\n\n<p>Agreg\u00f3 que la zona se encuentra bajo control, y que la Fiscal\u00eda General del Estado tomar\u00e1 conocimiento para realizar las investigaciones correspondientes. En el transcurso del d\u00eda se reportaron en redes sociales por lo menos otras nueve ejecuciones, aunque las autoridades no han confirmado la informaci\u00f3n.<\/p>\n\n\n\n<p>EN GUANAJUATO<\/p>\n\n\n\n<p>Por otra parte, seg\u00fan informaci\u00f3n de Infobae M\u00e9xico, Guanajuato volvi\u00f3 a ser escenario de un violento hecho. En Irapuato, un ataque armado en contra de al menos cinco menores de edad y un adulto dej\u00f3 como saldo tres fallecidos. El resto de las v\u00edctimas, seg\u00fan se inform\u00f3, contin\u00faan hospitalizadas en estado delicado.<\/p>\n\n\n\n<p>De acuerdo con medios locales, como Peri\u00f3dico AM, los hechos ocurrieron alrededor de las 20:00 horas del 3 de enero en la calle Jos\u00e9 Hurtado de la colonia \u00c1lvaro Obreg\u00f3n, conocida como \u2018La P\u00e9rdida\u2019; una de las m\u00e1s peligrosas del citado municipio.<\/p>\n\n\n\n<p>Testigos refirieron que cinco adolescentes \u2015de entre 14 y 17 a\u00f1os\u2015 se encontraban jugando con un bal\u00f3n bajo supervisi\u00f3n de una mujer adulta, cuando hombres armados, a bordo de dos motocicletas, dispararon en su contra.<\/p>\n\n\n\n<p>Pese al temor y p\u00e1nico que se registr\u00f3 en la zona tras el ataque, vecinos y familiares subieron a las v\u00edctimas a veh\u00edculos particulares y los trasladaron a distintos hospitales de la zona. No obstante, seg\u00fan trascendi\u00f3, durante el trayecto dos de los menores de edad perdieron la vida. Uno m\u00e1s falleci\u00f3 mientras recib\u00eda atenci\u00f3n en el nosocomio.<\/p>\n\n\n\n<p>EN SINALOA<\/p>\n\n\n\n<p>Tambi\u00e9n, de acuerdo con Infobae M\u00e9xico, la tarde de este s\u00e1bado se registr\u00f3 un intenso operativo de seguridad en Navolato, Sinaloa, despu\u00e9s de reportarse el ataque armado contra las instalaciones de una base de la Polic\u00eda Estatal Preventiva.<\/p>\n\n\n\n<p>De acuerdo con los primeros reportes, alrededor de las 14:00 horas se inform\u00f3 sobre una balacera que ocurri\u00f3 en la colonia Manuel G\u00f3mez, perteneciente a la sindicatura de Villa Ju\u00e1rez, donde la fachada de la base policiaca termin\u00f3 con varios impactos de bala, dem\u00e1s de que los disparos destruyeron algunos de los vidrios de la caseta de vigilancia.<\/p>\n","protected":false},"excerpt":{"rendered":"<p>Redacci\u00f3n\/Zona Roja Cdmx. Ciudad de M\u00e9xico, a 5 de enero de 2025.- Anoche, cinco personas&hellip;<\/p>\n","protected":false},"author":2,"featured_media":76164,"comment_status":"closed","ping_status":"open","sticky":false,"template":"","format":"standard","meta":{"_lmt_disableupdate":"","_lmt_disable":"","_jetpack_memberships_contains_paid_content":false,"footnotes":""},"categories":[109,51],"tags":[1746],"class_list":["post-76163","post","type-post","status-publish","format-standard","has-post-thumbnail","hentry","category-minuto-a-minuto","category-zona-roja","tag-violencia-en-mexico"],"jetpack_featured_media_url":"https:\/\/zonaroja.com.mx\/wp-content\/uploads\/2025\/01\/Violencia-escena-asesinato.jpeg","jetpack_sharing_enabled":true,"_links":{"self":[{"href":"https:\/\/zonaroja.com.mx\/index.php?rest_route=\/wp\/v2\/posts\/76163","targetHints":{"allow":["GET"]}}],"collection":[{"href":"https:\/\/zonaroja.com.mx\/index.php?rest_route=\/wp\/v2\/posts"}],"about":[{"href":"https:\/\/zonaroja.com.mx\/index.php?rest_route=\/wp\/v2\/types\/post"}],"author":[{"embeddable":true,"href":"https:\/\/zonaroja.com.mx\/index.php?rest_route=\/wp\/v2\/users\/2"}],"replies":[{"embeddable":true,"href":"https:\/\/zonaroja.com.mx\/index.php?rest_route=%2Fwp%2Fv2%2Fcomments&post=76163"}],"version-history":[{"count":1,"href":"https:\/\/zonaroja.com.mx\/index.php?rest_route=\/wp\/v2\/posts\/76163\/revisions"}],"predecessor-version":[{"id":76165,"href":"https:\/\/zonaroja.com.mx\/index.php?rest_route=\/wp\/v2\/posts\/76163\/revisions\/76165"}],"wp:featuredmedia":[{"embeddable":true,"href":"https:\/\/zonaroja.com.mx\/index.php?rest_route=\/wp\/v2\/media\/76164"}],"wp:attachment":[{"href":"https:\/\/zonaroja.com.mx\/index.php?rest_route=%2Fwp%2Fv2%2Fmedia&parent=76163"}],"wp:term":[{"taxonomy":"category","embeddable":true,"href":"https:\/\/zonaroja.com.mx\/index.php?rest_route=%2Fwp%2Fv2%2Fcategories&post=76163"},{"taxonomy":"post_tag","embeddable":true,"href":"https:\/\/zonaroja.com.mx\/index.php?rest_route=%2Fwp%2Fv2%2Ftags&post=76163"}],"curies":[{"name":"wp","href":"https:\/\/api.w.org\/{rel}","templated":true}]}}