{"id":76171,"date":"2025-01-05T18:48:08","date_gmt":"2025-01-06T00:48:08","guid":{"rendered":"https:\/\/zonaroja.com.mx\/?p=76171"},"modified":"2025-01-05T18:48:11","modified_gmt":"2025-01-06T00:48:11","slug":"localizan-con-vida-a-adolescente-desaparecida-en-panixtlahuaca","status":"publish","type":"post","link":"https:\/\/zonaroja.com.mx\/?p=76171","title":{"rendered":"Localizan con vida a adolescente desaparecida en Panixtlahuaca"},"content":{"rendered":"\n<p>Redacci\u00f3n\/Zona Roja.<\/p>\n\n\n\n<p>Oaxaca de Ju\u00e1rez, Oax. 5 de enero de 2025. La Comisi\u00f3n Estatal de B\u00fasqueda de Personas Desaparecidas de Oaxaca confirma la localizaci\u00f3n con vida de G\u00e9nesis Keylani S\u00e1nchez Mancilla, reportada como desaparecida el pasado 2 de enero.<\/p>\n\n\n\n<p>La adolescente de 12 a\u00f1os de edad, fue encontrada en un cerro, entre los l\u00edmites de San Miguel Panixtlahuaca y Santiago Jocotepec, luego de que este domingo las acciones de b\u00fasqueda y rescate se intensificar\u00e1n con recorridos terrestre y sobrevuelos.<\/p>\n\n\n\n<p>Debido al estado de salud que present\u00f3 G\u00e9nesis Keylani al momento de ser localizada, se gestion\u00f3 la atenci\u00f3n para su valoraci\u00f3n m\u00e9dica.&nbsp;<\/p>\n\n\n\n<p>Toda vez que las condiciones climatol\u00f3gicas complican su traslado v\u00eda a\u00e9rea, una ambulancia de Santa Catarina Juquila se encuentra en camino a San Miguel Panixtlahuaca para brindarle la atenci\u00f3n necesaria.<\/p>\n\n\n\n<p>Cabe destacar que el despliegue operativo implementado para la localizaci\u00f3n con vida de la adolescente se realiz\u00f3 en coordinaci\u00f3n con la Comisi\u00f3n Nacional de B\u00fasqueda de Personas Desaparecidas, y diversas autoridades federales y estatales.<\/p>\n\n\n\n<p>Tambi\u00e9n se sumaron elementos de la Secretar\u00eda de la Defensa Nacional, Guardia Nacional, Secretar\u00eda de Seguridad y Protecci\u00f3n Ciudadana de Oaxaca, binomio canino, as\u00ed como el apoyo v\u00eda a\u00e9rea de un helic\u00f3ptero del Hangar del Gobierno del Estado.<\/p>\n","protected":false},"excerpt":{"rendered":"<p>Redacci\u00f3n\/Zona Roja. Oaxaca de Ju\u00e1rez, Oax. 5 de enero de 2025. La Comisi\u00f3n Estatal de&hellip;<\/p>\n","protected":false},"author":2,"featured_media":76172,"comment_status":"closed","ping_status":"open","sticky":false,"template":"","format":"standard","meta":{"_lmt_disableupdate":"","_lmt_disable":"","_jetpack_memberships_contains_paid_content":false,"footnotes":""},"categories":[109,46],"tags":[3032],"class_list":["post-76171","post","type-post","status-publish","format-standard","has-post-thumbnail","hentry","category-minuto-a-minuto","category-zona-blanca","tag-san-miguel-panixtlahuaca"],"jetpack_featured_media_url":"https:\/\/zonaroja.com.mx\/wp-content\/uploads\/2025\/01\/Genesis-Keylani-Panixtlahuaca.jpeg","jetpack_sharing_enabled":true,"_links":{"self":[{"href":"https:\/\/zonaroja.com.mx\/index.php?rest_route=\/wp\/v2\/posts\/76171","targetHints":{"allow":["GET"]}}],"collection":[{"href":"https:\/\/zonaroja.com.mx\/index.php?rest_route=\/wp\/v2\/posts"}],"about":[{"href":"https:\/\/zonaroja.com.mx\/index.php?rest_route=\/wp\/v2\/types\/post"}],"author":[{"embeddable":true,"href":"https:\/\/zonaroja.com.mx\/index.php?rest_route=\/wp\/v2\/users\/2"}],"replies":[{"embeddable":true,"href":"https:\/\/zonaroja.com.mx\/index.php?rest_route=%2Fwp%2Fv2%2Fcomments&post=76171"}],"version-history":[{"count":1,"href":"https:\/\/zonaroja.com.mx\/index.php?rest_route=\/wp\/v2\/posts\/76171\/revisions"}],"predecessor-version":[{"id":76173,"href":"https:\/\/zonaroja.com.mx\/index.php?rest_route=\/wp\/v2\/posts\/76171\/revisions\/76173"}],"wp:featuredmedia":[{"embeddable":true,"href":"https:\/\/zonaroja.com.mx\/index.php?rest_route=\/wp\/v2\/media\/76172"}],"wp:attachment":[{"href":"https:\/\/zonaroja.com.mx\/index.php?rest_route=%2Fwp%2Fv2%2Fmedia&parent=76171"}],"wp:term":[{"taxonomy":"category","embeddable":true,"href":"https:\/\/zonaroja.com.mx\/index.php?rest_route=%2Fwp%2Fv2%2Fcategories&post=76171"},{"taxonomy":"post_tag","embeddable":true,"href":"https:\/\/zonaroja.com.mx\/index.php?rest_route=%2Fwp%2Fv2%2Ftags&post=76171"}],"curies":[{"name":"wp","href":"https:\/\/api.w.org\/{rel}","templated":true}]}}