{"id":76174,"date":"2025-01-05T20:18:49","date_gmt":"2025-01-06T02:18:49","guid":{"rendered":"https:\/\/zonaroja.com.mx\/?p=76174"},"modified":"2025-01-05T20:18:52","modified_gmt":"2025-01-06T02:18:52","slug":"ni-en-domingo-cesa-la-violencia-en-juchitan-hoy-un-baleado","status":"publish","type":"post","link":"https:\/\/zonaroja.com.mx\/?p=76174","title":{"rendered":"Ni en domingo cesa la violencia en Juchit\u00e1n; hoy un baleado"},"content":{"rendered":"\n<p>Raymundo Morales\/Zona Roja.<\/p>\n\n\n\n<p>Oaxaca de Ju\u00e1rez, Oax., a 5 de enero de 2025.- Ni en domingo descansa la delincuencia en la regi\u00f3n del Istmo de Tehuantepec.<\/p>\n\n\n\n<p>En Juchit\u00e1n de Zaragoza, una persona del sexo masculino fue atacada a balazos, en una vialidad de la colonia H\u00e9roes de Juchitecos.<\/p>\n\n\n\n<p>Se trata de Eduardo F., de aproximadamente 25 a\u00f1os de edad, quien recibi\u00f3 varios impactos de arma de fuego en el cuerpo, presuntamente por un ajuste de cuentas.<\/p>\n\n\n\n<p>Param\u00e9dicos arribaron a la zona para brindarle los primeros auxilios y tras lo cual lo trasladaron a un hospital, donde lo reportan delicado de salud.<\/p>\n\n\n\n<p>En tanto, polic\u00edas municipales arribaron tarde, como siempre, a la escena de los hechos y supuestamente efectuaron operativos de b\u00fasqueda, sin \u00e9xito alguno.<\/p>\n\n\n\n<p>La corporaci\u00f3n de Juchit\u00e1n y su mando han sido criticados recurrentemente por la nula atenci\u00f3n a la problem\u00e1tica de la inseguridad y la probable protecci\u00f3n a delincuentes, por lo cual ya est\u00e1n siendo investigados por las autoridades ministeriales.<\/p>\n\n\n\n<p>Por otra parte, en el municipio de Salina Cruz una persona del sexo masculino fue golpeada, en la calle Mazatl\u00e1n del centro de dicha ciudad y puerto.<\/p>\n\n\n\n<p>Hasta el momento se desconoce qui\u00e9n o qui\u00e9nes golpearon al individuo quien fue atendido por param\u00e9dicos en el mismo lugar, quienes le curaron las heridas, tras lo cual se lo llevaron a un nosocomio.<\/p>\n","protected":false},"excerpt":{"rendered":"<p>Raymundo Morales\/Zona Roja. Oaxaca de Ju\u00e1rez, Oax., a 5 de enero de 2025.- Ni en&hellip;<\/p>\n","protected":false},"author":2,"featured_media":72641,"comment_status":"closed","ping_status":"open","sticky":false,"template":"","format":"standard","meta":{"_lmt_disableupdate":"","_lmt_disable":"","_jetpack_memberships_contains_paid_content":false,"footnotes":""},"categories":[109,47],"tags":[123],"class_list":["post-76174","post","type-post","status-publish","format-standard","has-post-thumbnail","hentry","category-minuto-a-minuto","category-zona-gris","tag-juchitan-de-zaragoza"],"jetpack_featured_media_url":"https:\/\/zonaroja.com.mx\/wp-content\/uploads\/2024\/09\/Palacio-municipal-de-Juchitan.jpeg","jetpack_sharing_enabled":true,"_links":{"self":[{"href":"https:\/\/zonaroja.com.mx\/index.php?rest_route=\/wp\/v2\/posts\/76174","targetHints":{"allow":["GET"]}}],"collection":[{"href":"https:\/\/zonaroja.com.mx\/index.php?rest_route=\/wp\/v2\/posts"}],"about":[{"href":"https:\/\/zonaroja.com.mx\/index.php?rest_route=\/wp\/v2\/types\/post"}],"author":[{"embeddable":true,"href":"https:\/\/zonaroja.com.mx\/index.php?rest_route=\/wp\/v2\/users\/2"}],"replies":[{"embeddable":true,"href":"https:\/\/zonaroja.com.mx\/index.php?rest_route=%2Fwp%2Fv2%2Fcomments&post=76174"}],"version-history":[{"count":1,"href":"https:\/\/zonaroja.com.mx\/index.php?rest_route=\/wp\/v2\/posts\/76174\/revisions"}],"predecessor-version":[{"id":76175,"href":"https:\/\/zonaroja.com.mx\/index.php?rest_route=\/wp\/v2\/posts\/76174\/revisions\/76175"}],"wp:featuredmedia":[{"embeddable":true,"href":"https:\/\/zonaroja.com.mx\/index.php?rest_route=\/wp\/v2\/media\/72641"}],"wp:attachment":[{"href":"https:\/\/zonaroja.com.mx\/index.php?rest_route=%2Fwp%2Fv2%2Fmedia&parent=76174"}],"wp:term":[{"taxonomy":"category","embeddable":true,"href":"https:\/\/zonaroja.com.mx\/index.php?rest_route=%2Fwp%2Fv2%2Fcategories&post=76174"},{"taxonomy":"post_tag","embeddable":true,"href":"https:\/\/zonaroja.com.mx\/index.php?rest_route=%2Fwp%2Fv2%2Ftags&post=76174"}],"curies":[{"name":"wp","href":"https:\/\/api.w.org\/{rel}","templated":true}]}}