{"id":76176,"date":"2025-01-05T20:56:29","date_gmt":"2025-01-06T02:56:29","guid":{"rendered":"https:\/\/zonaroja.com.mx\/?p=76176"},"modified":"2025-01-05T20:56:30","modified_gmt":"2025-01-06T02:56:30","slug":"detienen-a-alcalde-de-comalapa-chiapas-por-presuntos-delitos","status":"publish","type":"post","link":"https:\/\/zonaroja.com.mx\/?p=76176","title":{"rendered":"Detienen a alcalde de Comalapa, Chiapas, por presuntos delitos"},"content":{"rendered":"\n<p>Redacci\u00f3n\/Zona Roja Cdmx.<\/p>\n\n\n\n<p>Ciudad de M\u00e9xico, a 5 de enero de 2025.- El alcalde de Frontera Comalapa, Chiapas, Jos\u00e9 Antonio Villatoro Herrera, fue detenido este domingo por agentes de la Fiscal\u00eda General del Estado (FGE), en coordinaci\u00f3n con la Secretar\u00eda de Seguridad para el Pueblo (SSP), se\u00f1alado de presuntos v\u00ednculos con el crimen organizado y desaparici\u00f3n de personas.<\/p>\n\n\n\n<p>La Fiscal\u00eda General del Estado (FGE), la Polic\u00eda de Investigaci\u00f3n (PDI), la Secretar\u00eda de Seguridad del Pueblo, a trav\u00e9s de la Fuerza de Reacci\u00f3n Inmediata Pakal (FRIP), y la Polic\u00eda Estatal Preventiva (PEP) desplegaron un operativo especial para capturar a Jos\u00e9 Antonio Villatoro Herrera, quien fung\u00eda como presidente municipal de Frontera Comalapa desde el 1 de octubre del 2024.<\/p>\n\n\n\n<p>Villatoro Herrera es se\u00f1alado por su responsabilidad al incurrir en diversos delitos como corrupci\u00f3n; adem\u00e1s se encuentran abiertas diversas carpetas de investigaci\u00f3n en su contra por los delitos de desaparici\u00f3n forzada de personas, extorsi\u00f3n agravada y homicidio; estas son indagatorias que se llevan contra el ya citado, por sus presuntos v\u00ednculos con la delincuencia que opera en la zona.<\/p>\n\n\n\n<p>As\u00ed tambi\u00e9n se logr\u00f3 la detenci\u00f3n de Jorge \u201cN\u201d y Juan Manuel \u201cN\u201d, a quienes se les asegur\u00f3 un veh\u00edculo Volkswagen Amarok 4&#215;4 y dos fusiles, uno calibre .223 y otro calibre 7.62, ambos con cargadores abastecidos.<\/p>\n\n\n\n<p>El alcalde detenido fue trasladado v\u00eda a\u00e9rea a un reclusorio para ser puesto a disposici\u00f3n del \u00f3rgano jurisdiccional.<\/p>\n\n\n\n<p>Villatoro Herrera hab\u00eda sustituido en el cargo al alcalde electo An\u00edbal Roblero Castillo, quien gan\u00f3 las elecciones en junio del 2023, pero fue plagiado y desaparecido en Tuxtla el 3 de septiembre de ese mismo a\u00f1o.<\/p>\n\n\n\n<p>Antes de que An\u00edbal Roblero ganara las elecciones municipales por el PVEM, su m\u00e1s cercano competidor cercano, del PT, Rey David Guti\u00e9rrez, fue plagiado y tambi\u00e9n desaparecido en ese municipio el 28 de abril del 2023, d\u00edas antes de que iniciaran las campa\u00f1as electorales en ese municipio y el estado.<\/p>\n\n\n\n<p>En una misiva oficial, el gobierno estatal inform\u00f3 que el trabajo coordinado de la Fiscal\u00eda General del Estado y la Secretar\u00eda de Seguridad del Pueblo continuar\u00e1 con operativos en este municipio.<\/p>\n\n\n\n<p>Desde hace tres a\u00f1os y medio, desde Frontera Comalapa grupos del crimen organizado iniciaron una guerra sin precedente en Chiapas, que dej\u00f3 una larga lista de miles de personas desplazadas, asesinadas y cientos de desaparecidos. Guerra que se expandi\u00f3 hacia otros municipios de la regi\u00f3n Fronteriza, Sierra, regi\u00f3n Frailesca y la regi\u00f3n central del estado de Chiapas.<\/p>\n\n\n\n<p>(Informaci\u00f3n de \u201cEl Financiero\u201d)<\/p>\n","protected":false},"excerpt":{"rendered":"<p>Redacci\u00f3n\/Zona Roja Cdmx. Ciudad de M\u00e9xico, a 5 de enero de 2025.- El alcalde de&hellip;<\/p>\n","protected":false},"author":2,"featured_media":76177,"comment_status":"closed","ping_status":"open","sticky":false,"template":"","format":"standard","meta":{"_lmt_disableupdate":"","_lmt_disable":"","_jetpack_memberships_contains_paid_content":false,"footnotes":""},"categories":[109,47],"tags":[4154],"class_list":["post-76176","post","type-post","status-publish","format-standard","has-post-thumbnail","hentry","category-minuto-a-minuto","category-zona-gris","tag-frontera-comalapa-chiapas"],"jetpack_featured_media_url":"https:\/\/zonaroja.com.mx\/wp-content\/uploads\/2025\/01\/Alcalde-Frontera-Comalapa-Chiapa.jpg","jetpack_sharing_enabled":true,"_links":{"self":[{"href":"https:\/\/zonaroja.com.mx\/index.php?rest_route=\/wp\/v2\/posts\/76176","targetHints":{"allow":["GET"]}}],"collection":[{"href":"https:\/\/zonaroja.com.mx\/index.php?rest_route=\/wp\/v2\/posts"}],"about":[{"href":"https:\/\/zonaroja.com.mx\/index.php?rest_route=\/wp\/v2\/types\/post"}],"author":[{"embeddable":true,"href":"https:\/\/zonaroja.com.mx\/index.php?rest_route=\/wp\/v2\/users\/2"}],"replies":[{"embeddable":true,"href":"https:\/\/zonaroja.com.mx\/index.php?rest_route=%2Fwp%2Fv2%2Fcomments&post=76176"}],"version-history":[{"count":1,"href":"https:\/\/zonaroja.com.mx\/index.php?rest_route=\/wp\/v2\/posts\/76176\/revisions"}],"predecessor-version":[{"id":76178,"href":"https:\/\/zonaroja.com.mx\/index.php?rest_route=\/wp\/v2\/posts\/76176\/revisions\/76178"}],"wp:featuredmedia":[{"embeddable":true,"href":"https:\/\/zonaroja.com.mx\/index.php?rest_route=\/wp\/v2\/media\/76177"}],"wp:attachment":[{"href":"https:\/\/zonaroja.com.mx\/index.php?rest_route=%2Fwp%2Fv2%2Fmedia&parent=76176"}],"wp:term":[{"taxonomy":"category","embeddable":true,"href":"https:\/\/zonaroja.com.mx\/index.php?rest_route=%2Fwp%2Fv2%2Fcategories&post=76176"},{"taxonomy":"post_tag","embeddable":true,"href":"https:\/\/zonaroja.com.mx\/index.php?rest_route=%2Fwp%2Fv2%2Ftags&post=76176"}],"curies":[{"name":"wp","href":"https:\/\/api.w.org\/{rel}","templated":true}]}}