{"id":76179,"date":"2025-01-06T07:31:53","date_gmt":"2025-01-06T13:31:53","guid":{"rendered":"https:\/\/zonaroja.com.mx\/?p=76179"},"modified":"2025-01-06T07:31:56","modified_gmt":"2025-01-06T13:31:56","slug":"asesinan-en-qr-a-nina-y-adulto-en-sonora-8-criminales-abatidos","status":"publish","type":"post","link":"https:\/\/zonaroja.com.mx\/?p=76179","title":{"rendered":"Asesinan en QR a ni\u00f1a y adulto; en Sonora, 8 criminales abatidos"},"content":{"rendered":"\n<p>Redacci\u00f3n\/Zona Roja Cdmx.<\/p>\n\n\n\n<p>Ciudad de M\u00e9xico, a 6 de enero de 2025.- Un ni\u00f1a de 11 a\u00f1os y un hombre fueron asesinados a balazos en el municipio de Benito Ju\u00e1rez, en Quintana Roo.<\/p>\n\n\n\n<p>Este doble homicidio fue confirmado en un comunicado este domingo por la Fiscal\u00eda de la entidad, donde apunt\u00f3 que el hecho ocurri\u00f3 en la colonia Valle Verde.<\/p>\n\n\n\n<p>Se indic\u00f3 que al agresor iba en una motocicleta, logrando escapar de la escena del crimen.&nbsp;<\/p>\n\n\n\n<p>\u201cPersonal de esta Representaci\u00f3n Social, en coordinaci\u00f3n con las autoridades de los tres niveles de Gobierno, lleva a cabo las indagatorias correspondientes, para el esclarecimiento de este lamentable suceso y dar con el responsable de este hecho\u201d, se lee en el comunicado.<\/p>\n\n\n\n<p>\u201cLas personas perdieron la vida tras recibir impactos de arma de fuego, cuando se encontraban afuera de un establecimiento en Valle Verde; el agresor iba a bordo de una motocicleta plenamente identificada y se trabaja con las autoridades para su localizaci\u00f3n\u201d, puntualiz\u00f3.<\/p>\n\n\n\n<p>Hasta el momento, autoridades de Quintana Roo, no ha confirmado alguna detenci\u00f3n por estos asesinatos en Benito Ju\u00e1rez.<\/p>\n\n\n\n<p>EN SONORA<\/p>\n\n\n\n<p>Autoridades de Sonora confirmaron que ocho criminales fueron abatidos en B\u00e1cum, regi\u00f3n sur de la entidad.<\/p>\n\n\n\n<p>En redes sociales, la Fiscal\u00eda de la entidad apunt\u00f3 que la tarde del pasado s\u00e1bado 4 de enero se registr\u00f3 una agresi\u00f3n en contra de elementos de la Agencia Ministerial de Investigaci\u00f3n Criminal (AMIC) en el citado municipio, el cual fue repelido.<\/p>\n\n\n\n<p>Se neutralizaron a ocho sujetos generadores de violencia en la regi\u00f3n\u201d, destac\u00f3 en el comunicado.<\/p>\n\n\n\n<p>La autoridad enfatiz\u00f3 que entre las personas neutralizadas se encontraban Jos\u00e9 Alonso Borb\u00f3n Ortiz, alias Chapo Valle, y Brandon Antonio Garc\u00eda Cejudo, tambi\u00e9n conocido como Sipi, quienes eran los objetivos criminales que contaban con orden de aprehensi\u00f3n.<\/p>\n\n\n\n<p>\u201cA las 15:10 h de ese d\u00eda se efectuaba un operativo con el objetivo de ubicar y detener a dos objetivos criminales, quienes contaban con \u00f3rdenes de aprehensi\u00f3n vigentes por los delitos de asociaci\u00f3n delictuosa y desaparici\u00f3n cometida por particulares en n\u00famero de cuatro, con resultado de muerte\u201d, explic\u00f3.<\/p>\n\n\n\n<p>\u201cEn el marco de estas acciones, agentes de la AMIC se dispon\u00edan a cumplimentar el mandato judicial cuando desde de dos viviendas fueron agredidos con armas de fuego, posteriormente detectaron un veh\u00edculo tipo pick-up, marca Toyota Tacoma, de color blanco, cuatro puertas, en San Jos\u00e9 de B\u00e1cum en el cual hu\u00edan\u201d, puntualiz\u00f3.<\/p>\n\n\n\n<p>La Fiscal\u00eda de Sonora recalc\u00f3 que la persecuci\u00f3n termin\u00f3 cerca de un canal de riego.<\/p>\n\n\n\n<p>\u201cLos agentes lograron neutralizar a los agresores y se constat\u00f3 que ocho de estos \u00faltimos resultaron lesionados y tras ser atendidos por param\u00e9dicos de la Cruz Roja, se confirm\u00f3 que ya no contaban con signos vitales\u201d, se inform\u00f3.<\/p>\n\n\n\n<p>En el lugar de los hechos fueron aseguradas cuatro armas largas AK-47 con varios cargadores, un arma larga tipo AR-15, calibre .223 tambi\u00e9n con cargadores, as\u00ed como varios envoltorios con metanfetamina.<\/p>\n\n\n\n<p>Tambi\u00e9n se localizaron m\u00faltiples casquillos percutidos de diferentes calibres y un veh\u00edculo Toyota Tacoma, con reporte de robo desde el 26 de noviembre de 2024.<\/p>\n\n\n\n<p>EN TABASCO<\/p>\n\n\n\n<p>La Fiscal\u00eda de Tabasco ajust\u00f3 a siete los muertos tras el ataque al bar \u201cLa Casita Azul\u201d de Villahermosa, Tabasco, que dej\u00f3 adem\u00e1s cinco lesionados, cr\u00edmenes por los que ya inici\u00f3 las investigaciones correspondientes.<\/p>\n\n\n\n<p>En un comunicado, la dependencia afirm\u00f3 que inici\u00f3 \u201clas investigaciones correspondientes\u201d por los hechos ocurridos la noche del s\u00e1bado 4 de enero en un bar \u201cclandestino\u201d y que operaba de forma irregular en la colonia Tamult\u00e9 de las Barrancas.<\/p>\n\n\n\n<p>En los hechos, refiri\u00f3 \u201cperdieron la vida 7 personas y 5 m\u00e1s resultaron heridas, mismas que est\u00e1n con pron\u00f3stico de salud reservado\u201d.<\/p>\n\n\n\n<p>La Fiscal\u00eda estatal expres\u00f3 su compromiso de actuar con legalidad e imparcialidad durante las investigaciones para esclarecer los asesinatos.<\/p>\n\n\n\n<p>Horas antes, el secretario de Seguridad y Protecci\u00f3n Ciudadana (SSPC), Omar Garc\u00eda Harfuch, inform\u00f3 que desde el Gobierno federal iniciaron las investigaciones por los hechos.<\/p>\n\n\n\n<p>(Con informaci\u00f3n de L\u00f3pez-D\u00f3riga Digital)<\/p>\n","protected":false},"excerpt":{"rendered":"<p>Redacci\u00f3n\/Zona Roja Cdmx. Ciudad de M\u00e9xico, a 6 de enero de 2025.- Un ni\u00f1a de&hellip;<\/p>\n","protected":false},"author":2,"featured_media":69311,"comment_status":"closed","ping_status":"open","sticky":false,"template":"","format":"standard","meta":{"_lmt_disableupdate":"","_lmt_disable":"","_jetpack_memberships_contains_paid_content":false,"footnotes":""},"categories":[109,51],"tags":[1746],"class_list":["post-76179","post","type-post","status-publish","format-standard","has-post-thumbnail","hentry","category-minuto-a-minuto","category-zona-roja","tag-violencia-en-mexico"],"jetpack_featured_media_url":"https:\/\/zonaroja.com.mx\/wp-content\/uploads\/2024\/06\/Escena-asesinato-crimen-violencia.jpeg","jetpack_sharing_enabled":true,"_links":{"self":[{"href":"https:\/\/zonaroja.com.mx\/index.php?rest_route=\/wp\/v2\/posts\/76179","targetHints":{"allow":["GET"]}}],"collection":[{"href":"https:\/\/zonaroja.com.mx\/index.php?rest_route=\/wp\/v2\/posts"}],"about":[{"href":"https:\/\/zonaroja.com.mx\/index.php?rest_route=\/wp\/v2\/types\/post"}],"author":[{"embeddable":true,"href":"https:\/\/zonaroja.com.mx\/index.php?rest_route=\/wp\/v2\/users\/2"}],"replies":[{"embeddable":true,"href":"https:\/\/zonaroja.com.mx\/index.php?rest_route=%2Fwp%2Fv2%2Fcomments&post=76179"}],"version-history":[{"count":1,"href":"https:\/\/zonaroja.com.mx\/index.php?rest_route=\/wp\/v2\/posts\/76179\/revisions"}],"predecessor-version":[{"id":76180,"href":"https:\/\/zonaroja.com.mx\/index.php?rest_route=\/wp\/v2\/posts\/76179\/revisions\/76180"}],"wp:featuredmedia":[{"embeddable":true,"href":"https:\/\/zonaroja.com.mx\/index.php?rest_route=\/wp\/v2\/media\/69311"}],"wp:attachment":[{"href":"https:\/\/zonaroja.com.mx\/index.php?rest_route=%2Fwp%2Fv2%2Fmedia&parent=76179"}],"wp:term":[{"taxonomy":"category","embeddable":true,"href":"https:\/\/zonaroja.com.mx\/index.php?rest_route=%2Fwp%2Fv2%2Fcategories&post=76179"},{"taxonomy":"post_tag","embeddable":true,"href":"https:\/\/zonaroja.com.mx\/index.php?rest_route=%2Fwp%2Fv2%2Ftags&post=76179"}],"curies":[{"name":"wp","href":"https:\/\/api.w.org\/{rel}","templated":true}]}}