{"id":76181,"date":"2025-01-06T08:07:30","date_gmt":"2025-01-06T14:07:30","guid":{"rendered":"https:\/\/zonaroja.com.mx\/?p=76181"},"modified":"2025-01-06T08:07:33","modified_gmt":"2025-01-06T14:07:33","slug":"grave-inseguridad-en-juchitan-un-baleado-y-otro-asesinado","status":"publish","type":"post","link":"https:\/\/zonaroja.com.mx\/?p=76181","title":{"rendered":"Grave inseguridad en Juchit\u00e1n: un baleado y otro asesinado"},"content":{"rendered":"\n<p>Ismael Garc\u00eda M.\/Zona Roja.<\/p>\n\n\n\n<p>Oaxaca de Ju\u00e1rez, Oax., a 6 de diciembre de 2025.- A cinco d\u00edas de iniciada su gesti\u00f3n, en segundo periodo, el presidente municipal de Juchit\u00e1n de Zaragoza, Miguel S\u00e1nchez Altamirano, no ha implementado ninguna acci\u00f3n de seguridad para proteger a la poblaci\u00f3n, ante la grave ola de violencia.<\/p>\n\n\n\n<p>Este domingo, en dos hechos distintos, dos personas del sexo masculino fueron atacadas a balazos, una de las cuales perdi\u00f3 la vida por falta de atenci\u00f3n m\u00e9dica especializada.<\/p>\n\n\n\n<p>Anoche, cerca de una terminal de camionetas de pasajeros, un individuo identificado como Bernardo S. S., fue baleado por sujetos desconocidos.<\/p>\n\n\n\n<p>Param\u00e9dicos le brindaron los primeros auxilios y lo trasladaron al hospital \u201cDr. Macedonio Ben\u00edtez Fuentes\u201d, donde, de acuerdo con los familiares, se le neg\u00f3 atenci\u00f3n inicial.<\/p>\n\n\n\n<p>La madrugada de este lunes se report\u00f3 que perdi\u00f3 la vida debido a la gravedad de las lesiones; el hombre de 29 a\u00f1os de edad era conocido como \u201cEl Chima\u201d, ten\u00eda su domicilio en la Segunda Secci\u00f3n y era trabajador de un mercado local.<\/p>\n\n\n\n<p>Previo a ello, un individuo identificado como Eduardo F., de 25 a\u00f1os de edad, fue baleado en la colonia H\u00e9roes Juchitecos.<\/p>\n\n\n\n<p>Se presume que se trata de un ajuste de cuentas, lo cual investigan las autoridades ministeriales; hasta esta ma\u00f1ana, permanece convaleciente en un nosocomio.<\/p>\n\n\n\n<p>Por otra parte, en el municipio de San Pedro M\u00e1rtir Quiechapa, se localiz\u00f3 un cuerpo sin vida en el interior de una ambulancia, que lo trasladaba a un hospital de Miahuat\u00e1n de Porfirio D\u00edaz.<\/p>\n\n\n\n<p>De acuerdo con las primeras indagatorias, el hombre fue baleado por sujetos desconocidos y era llevado a atenci\u00f3n m\u00e9dica cuando muri\u00f3 en el camino a San Jos\u00e9 del Pe\u00f1asco.<\/p>\n\n\n\n<p>La v\u00edctima a\u00fan no ha sido identificada y se desconoce tambi\u00e9n las causas por las cuales fue acribillado.<\/p>\n","protected":false},"excerpt":{"rendered":"<p>Ismael Garc\u00eda M.\/Zona Roja. Oaxaca de Ju\u00e1rez, Oax., a 6 de diciembre de 2025.- A&hellip;<\/p>\n","protected":false},"author":2,"featured_media":76182,"comment_status":"closed","ping_status":"open","sticky":false,"template":"","format":"standard","meta":{"_lmt_disableupdate":"","_lmt_disable":"","_jetpack_memberships_contains_paid_content":false,"footnotes":""},"categories":[109,51],"tags":[123],"class_list":["post-76181","post","type-post","status-publish","format-standard","has-post-thumbnail","hentry","category-minuto-a-minuto","category-zona-roja","tag-juchitan-de-zaragoza"],"jetpack_featured_media_url":"https:\/\/zonaroja.com.mx\/wp-content\/uploads\/2025\/01\/baleado-y-asesinado-Juchitan.jpg","jetpack_sharing_enabled":true,"_links":{"self":[{"href":"https:\/\/zonaroja.com.mx\/index.php?rest_route=\/wp\/v2\/posts\/76181","targetHints":{"allow":["GET"]}}],"collection":[{"href":"https:\/\/zonaroja.com.mx\/index.php?rest_route=\/wp\/v2\/posts"}],"about":[{"href":"https:\/\/zonaroja.com.mx\/index.php?rest_route=\/wp\/v2\/types\/post"}],"author":[{"embeddable":true,"href":"https:\/\/zonaroja.com.mx\/index.php?rest_route=\/wp\/v2\/users\/2"}],"replies":[{"embeddable":true,"href":"https:\/\/zonaroja.com.mx\/index.php?rest_route=%2Fwp%2Fv2%2Fcomments&post=76181"}],"version-history":[{"count":1,"href":"https:\/\/zonaroja.com.mx\/index.php?rest_route=\/wp\/v2\/posts\/76181\/revisions"}],"predecessor-version":[{"id":76183,"href":"https:\/\/zonaroja.com.mx\/index.php?rest_route=\/wp\/v2\/posts\/76181\/revisions\/76183"}],"wp:featuredmedia":[{"embeddable":true,"href":"https:\/\/zonaroja.com.mx\/index.php?rest_route=\/wp\/v2\/media\/76182"}],"wp:attachment":[{"href":"https:\/\/zonaroja.com.mx\/index.php?rest_route=%2Fwp%2Fv2%2Fmedia&parent=76181"}],"wp:term":[{"taxonomy":"category","embeddable":true,"href":"https:\/\/zonaroja.com.mx\/index.php?rest_route=%2Fwp%2Fv2%2Fcategories&post=76181"},{"taxonomy":"post_tag","embeddable":true,"href":"https:\/\/zonaroja.com.mx\/index.php?rest_route=%2Fwp%2Fv2%2Ftags&post=76181"}],"curies":[{"name":"wp","href":"https:\/\/api.w.org\/{rel}","templated":true}]}}