{"id":76184,"date":"2025-01-06T09:14:00","date_gmt":"2025-01-06T15:14:00","guid":{"rendered":"https:\/\/zonaroja.com.mx\/?p=76184"},"modified":"2025-01-06T08:18:28","modified_gmt":"2025-01-06T14:18:28","slug":"se-deslindan-empleados-de-lio-en-el-pleno-del-poder-judicial-de-oaxaca","status":"publish","type":"post","link":"https:\/\/zonaroja.com.mx\/?p=76184","title":{"rendered":"Se deslindan empleados de l\u00edo en el pleno del Poder Judicial de Oaxaca"},"content":{"rendered":"\n<p>Ismael Garc\u00eda M.\/Zona Roja.<\/p>\n\n\n\n<p>Oaxaca de Ju\u00e1rez, Oax.,a 6 de enero de 2025.- Trabajadores de confianza a los que les deben parte de las prestaciones de fin de a\u00f1o, se deslindaron del conflicto en el pleno del Poder Judicial de Oaxaca.<\/p>\n\n\n\n<p>\u201cEl d\u00eda de hoy, algunos medios de comunicaci\u00f3n sin rostro y vendidos, hacen creer a la sociedad que el movimiento que con esfuerzo y coraje inici\u00f3 el personal de confianza, no es m\u00e1s que un teatro de t\u00edteres liderado por las y los magistrados del pleno.<\/p>\n\n\n\n<p>\u201cDe ah\u00ed que el personal de confianza aclara y sostiene que nuestro movimiento es independiente de los intereses que pudieran tener tanto magistrados como jueces de Poder Judicial del Estado o cualquier otra persona del a vida pol\u00edtica\u201d.<\/p>\n\n\n\n<p>Eso precisaron en un comunicado que dieron a conocer anoche, al detallar que movimiento que se inici\u00f3 el d\u00eda 17 de diciembre del 2024 con la \u201ctoma\u201d de las instalaciones del Consejo de la Judicatura del Poder Judicial del Estado, se realiz\u00f3 derivado de la falta de pago integro de las prestaciones de fin de a\u00f1o al personal de confianza.<\/p>\n\n\n\n<p>Precisaron que las subsecuentes acciones que se realizan en protesta por parte del personal de confianza, se debieron a que se hizo un pago incompleto de las prestaciones citadas, aun cuando el Secretario Ejecutivo del Poder Judicial inform\u00f3 que la magistrada Presidenta Berenice Ram\u00edrez Jim\u00e9nez se hab\u00eda comprometido a pagar de manera completa.<\/p>\n\n\n\n<p>\u201c\ufeff\ufeffLa manifestaci\u00f3n realizada afuera de presidencia el d\u00eda 3 de enero del 2025 por el personal de confianza se hizo para exigir una respuesta al escrito que se present\u00f3 el 18 de diciembre del 2024 ante la Comisi\u00f3n de Receso del TSJO y mediante el cual se hace del conocimiento al pleno la falta de pago de prestaciones de fin de a\u00f1o.<\/p>\n\n\n\n<p>\u201cLa lucha se inici\u00f3 y continuar\u00e1 teniendo siempre como metas principales:<\/p>\n\n\n\n<p>\ufeff\ufeffEl pago \u00edntegro de nuestras prestaciones de fin de a\u00f1o correspondientes al 2024\u201d, precisaron.<\/p>\n\n\n\n<p>Demandaron asimismo el cese de amenazas y hostigamiento al personal de confianza que ejerce sus derechos de expresi\u00f3n y manifestaci\u00f3n, por parte de la secretaria particular de presidencia, as\u00ed como de Secretar\u00eda<br>Ejecutiva del Consejo de la Judicatura.<\/p>\n\n\n\n<p>La magistrada presidenta enfrenta tambi\u00e9n una rebeli\u00f3n por parte del pleno del Tribunal Superior de Justicia, al cancelar la sesi\u00f3n del pasado viernes por supuesta enfermedad; ha sido emplazada para hoy a reanudar la sesi\u00f3n, o en su caso la sustituir\u00e1n.<\/p>\n","protected":false},"excerpt":{"rendered":"<p>Ismael Garc\u00eda M.\/Zona Roja. Oaxaca de Ju\u00e1rez, Oax.,a 6 de enero de 2025.- Trabajadores de&hellip;<\/p>\n","protected":false},"author":2,"featured_media":76186,"comment_status":"closed","ping_status":"open","sticky":false,"template":"","format":"standard","meta":{"_lmt_disableupdate":"","_lmt_disable":"","_jetpack_memberships_contains_paid_content":false,"footnotes":""},"categories":[109,47],"tags":[3796,223],"class_list":["post-76184","post","type-post","status-publish","format-standard","has-post-thumbnail","hentry","category-minuto-a-minuto","category-zona-gris","tag-berenice-ramirez-jimenez","tag-poder-judicial-de-oaxaca"],"jetpack_featured_media_url":"https:\/\/zonaroja.com.mx\/wp-content\/uploads\/2025\/01\/Tribunal-Superior-de-Justicia-Oaxaca-empleados-confianza.jpg","jetpack_sharing_enabled":true,"_links":{"self":[{"href":"https:\/\/zonaroja.com.mx\/index.php?rest_route=\/wp\/v2\/posts\/76184","targetHints":{"allow":["GET"]}}],"collection":[{"href":"https:\/\/zonaroja.com.mx\/index.php?rest_route=\/wp\/v2\/posts"}],"about":[{"href":"https:\/\/zonaroja.com.mx\/index.php?rest_route=\/wp\/v2\/types\/post"}],"author":[{"embeddable":true,"href":"https:\/\/zonaroja.com.mx\/index.php?rest_route=\/wp\/v2\/users\/2"}],"replies":[{"embeddable":true,"href":"https:\/\/zonaroja.com.mx\/index.php?rest_route=%2Fwp%2Fv2%2Fcomments&post=76184"}],"version-history":[{"count":1,"href":"https:\/\/zonaroja.com.mx\/index.php?rest_route=\/wp\/v2\/posts\/76184\/revisions"}],"predecessor-version":[{"id":76187,"href":"https:\/\/zonaroja.com.mx\/index.php?rest_route=\/wp\/v2\/posts\/76184\/revisions\/76187"}],"wp:featuredmedia":[{"embeddable":true,"href":"https:\/\/zonaroja.com.mx\/index.php?rest_route=\/wp\/v2\/media\/76186"}],"wp:attachment":[{"href":"https:\/\/zonaroja.com.mx\/index.php?rest_route=%2Fwp%2Fv2%2Fmedia&parent=76184"}],"wp:term":[{"taxonomy":"category","embeddable":true,"href":"https:\/\/zonaroja.com.mx\/index.php?rest_route=%2Fwp%2Fv2%2Fcategories&post=76184"},{"taxonomy":"post_tag","embeddable":true,"href":"https:\/\/zonaroja.com.mx\/index.php?rest_route=%2Fwp%2Fv2%2Ftags&post=76184"}],"curies":[{"name":"wp","href":"https:\/\/api.w.org\/{rel}","templated":true}]}}