{"id":76191,"date":"2025-01-06T09:54:03","date_gmt":"2025-01-06T15:54:03","guid":{"rendered":"https:\/\/zonaroja.com.mx\/?p=76191"},"modified":"2025-01-06T11:08:18","modified_gmt":"2025-01-06T17:08:18","slug":"opinion-y-en-donde-quedo-la-autonomia-de-la-uabjo","status":"publish","type":"post","link":"https:\/\/zonaroja.com.mx\/?p=76191","title":{"rendered":"Opini\u00f3n. \u00bfY en d\u00f3nde qued\u00f3 la autonom\u00eda de la UABJO?"},"content":{"rendered":"\n<p>Ismael Garc\u00eda M.\/Zona Roja.<\/p>\n\n\n\n<p>Oaxaca, Oax., a 6 de enero de 2024.- No fue en el D\u00eda de Reyes pero la Universidad Aut\u00f3noma \u201cBenito Ju\u00e1rez\u201d de Oaxaca le adelant\u00f3 pr\u00e1cticamente su regalo, un costoso juguete, a la Fundaci\u00f3n Alfredo Harp Hel\u00fa.<\/p>\n\n\n\n<p>Se trata de los campos de b\u00e9isbol anexos al estadio \u201cEduardo Vasconcelos\u201d, patrimonio que ceder\u00e1, nadie sabe por cu\u00e1ntos a\u00f1os ni bajo qu\u00e9 condiciones ni cu\u00e1les beneficios.<\/p>\n\n\n\n<p>Todo con absoluta opacidad, sin la consultada debida a estudiantes, trabajadores y docentes, mucho menos la autorizaci\u00f3n del Consejo Universitario, m\u00e1ximo \u00f3rgano de decisi\u00f3n.<\/p>\n\n\n\n<p>Pero as\u00ed han sido los tres a\u00f1os en que Cristian \u00c9der Carre\u00f1o se ha desempe\u00f1ado al frente de la otrora m\u00e1xima casa de estudios: pisoteando los derechos de toda la comunidad universitaria, gastando los recursos sin rendir cuentas a nadie y sin ejecutar ninguna obra f\u00edsica, como s\u00ed lo hicieron sus antecesores.<\/p>\n\n\n\n<p>Pero m\u00e1s a\u00fan, el a\u00fan rector fue impuesto por Alejandro Murat-Juan Manuel Vera Salinas, quien lo vistieron de los colores priistas, y ahora se dice \u201cferviente\u201d militante del Partido Morena.<\/p>\n\n\n\n<p>LA IMPOSICI\u00d3N<\/p>\n\n\n\n<p>Como se sabe, \u00c9der Carre\u00f1o fue impuesto por Abraham Mart\u00ednez Alav\u00e9s como rector, el 1 de abril del 2022, a condici\u00f3n de que su hijo, Abraham Mart\u00ednez Helmes, fuera el secretario General de la UABJO y posteriormente rector.<\/p>\n\n\n\n<p>El 23 de abril fue ratificado en el cargo, por una supuesta mayor\u00eda del consejo universitario (80), que utiliz\u00f3 tanto la sede de la Facultad de Arquitectura como de la Facultad de Derecho para sesionar, sin la absoluta solemnidad ni protocolos.<\/p>\n\n\n\n<p>\u201cCon 172 votos el H. Consejo Universitarios aprob\u00f3 la continuaci\u00f3n del encargo del C.P. Cristian Eder Carre\u00f1o L\u00f3pez, como rector de la Universidad Aut\u00f3noma \u201cBenito Ju\u00e1rez\u201d de Oaxaca, para el per\u00edodo 2024-2026. En un clima de unidad y compromiso conjunto, las y los Consejeros Universitarios, votaron de forma un\u00e1nime por la continuidad en la UABJO. Teniendo como sede la Facultad de Arquitectura 5 de Mayo, se reiter\u00f3 el compromiso de avanzar y seguir construyendo la Universidad que el pueblo de Oaxaca merece\u201d, destac\u00f3 la Universidad en un comunicado (https:\/\/www.uabjo.mx\/seguire-siendo-un-rector-para-todas-las-y-los-universitarios-cristian-carreno#:~:text=- Con 172 votos el H,para el per\u00edodo 2024-2026.).<\/p>\n\n\n\n<p>En la primera ocasi\u00f3n fueron 80 votos de los supuestos consejeros y en la segunda ocasi\u00f3n 172, \u00bfentonces cu\u00e1ntos son en realidad? As\u00ed fue como logr\u00f3 un segundo periodo, de otros dos a\u00f1os, al frente de la casa de estudios.<\/p>\n\n\n\n<p>As\u00ed de irregular ha estado plagada la gesti\u00f3n del a\u00fan rector quien, apenas inici\u00f3 las campa\u00f1as de Morena para la gubernatura, se pint\u00f3 de guinda y ofreci\u00f3 las instalaciones universitarias para actos partidistas, tambi\u00e9n sin el consentimiento del Consejo Universitario.<\/p>\n\n\n\n<p>EL PROYECTO<\/p>\n\n\n\n<p>No hay ni siquiera la conclusi\u00f3n de obras p\u00fablicas que quedaron rezagadas del periodo rectoral anterior, pero \u00c9der Carre\u00f1o ya juega de nuevo con el patrimonio.<\/p>\n\n\n\n<p>Acaso su m\u00e1ximo logro es la instalaci\u00f3n de torniquetes a Ciudad Universitaria, que un a\u00f1o estuvieron inservibles; hace pocas semanas se pusieron en servicio, pero de nuevo ya no funcionan. Por supuesto, la inseguridad y el acoso contra las jovencitas es la constante en dichas instalaciones, y en general en toda la instituci\u00f3n.<\/p>\n\n\n\n<p>Pero la preocupaci\u00f3n principal del rector fue ceder, de nuevo, a la Fundaci\u00f3n Alfredo Harp, m\u00e1s predios, para la ampliaci\u00f3n de un estadio de b\u00e9isbol \u201cEduardo Vasconcelos\u201d, por cierto, con escasa afici\u00f3n en Oaxaca.<\/p>\n\n\n\n<p>Fue el 5 de noviembre en que en un acto p\u00fablico, se coloc\u00f3 la primera piedra del pr\u00f3ximo estadio, que se asegura ser\u00e1 de primer nivel, a\u00fan cuando el equipo respectivo no tenga categor\u00eda similar.<\/p>\n\n\n\n<p>Con ello, primero, se quitaron los campos llaneros en que todos los fines de semana cientos de familias, y de deportistas, realizaban sus pr\u00e1cticas deportivas y competencias.<\/p>\n\n\n\n<p>Segundo, aunque debi\u00f3 ser la prioridad, no se tiene ning\u00fan registro p\u00fablico de que se haya pedido la autorizaci\u00f3n del Consejo Universitario.<\/p>\n\n\n\n<p>Tercero, se destruir\u00e1 un patrimonio art\u00edstico, el estadio \u201cEduardo Vasconcelos\u201d, catalogado por el Instituto Nacional de Bellas Artes.<\/p>\n\n\n\n<p>Cuarto, no hay, hasta ahora, permisos oficiales tanto para la demolici\u00f3n como para la construcci\u00f3n en dichas obras, mucho menos para apropiarse de una vialidad anexa, la calle Derechos Humanos.<\/p>\n\n\n\n<p>Es larga la lista de agravios e irregularidades solapadas por el rector de la UABJO, y que fueron detalladas recientemente en un reportaje del sitio Estado 20 (<a href=\"https:\/\/zonaroja.com.mx\/?p=75766\">https:\/\/zonaroja.com.mx\/?p=75766<\/a>).<\/p>\n\n\n\n<p>Pero eso tiene sin cuidado a Cristian \u00c9der Carre\u00f1o, a quien le queda un a\u00f1o en el cargo, aunque ahora pretende heredar la rector\u00eda a un allegado de su equipo.<\/p>\n\n\n\n<p>As\u00ed sea traicionando la confianza del patriarca Abraham Mart\u00ednez Alav\u00e9s, quien lo condicion\u00f3 a permitir la llegada de Abraham Mart\u00ednez Helmes\u2026 acuerdo que desconoce ya el a\u00fan rector.<\/p>\n","protected":false},"excerpt":{"rendered":"<p>Ismael Garc\u00eda M.\/Zona Roja. Oaxaca, Oax., a 6 de enero de 2024.- No fue en&hellip;<\/p>\n","protected":false},"author":2,"featured_media":67764,"comment_status":"closed","ping_status":"open","sticky":false,"template":"","format":"standard","meta":{"_lmt_disableupdate":"","_lmt_disable":"","_jetpack_memberships_contains_paid_content":false,"footnotes":""},"categories":[456,109,48],"tags":[1353],"class_list":["post-76191","post","type-post","status-publish","format-standard","has-post-thumbnail","hentry","category-columna","category-minuto-a-minuto","category-zona-critica","tag-opinion-zona-critica"],"jetpack_featured_media_url":"https:\/\/zonaroja.com.mx\/wp-content\/uploads\/2024\/04\/Opinion-Zona-Roja-Ismael-Garcia.jpg","jetpack_sharing_enabled":true,"_links":{"self":[{"href":"https:\/\/zonaroja.com.mx\/index.php?rest_route=\/wp\/v2\/posts\/76191","targetHints":{"allow":["GET"]}}],"collection":[{"href":"https:\/\/zonaroja.com.mx\/index.php?rest_route=\/wp\/v2\/posts"}],"about":[{"href":"https:\/\/zonaroja.com.mx\/index.php?rest_route=\/wp\/v2\/types\/post"}],"author":[{"embeddable":true,"href":"https:\/\/zonaroja.com.mx\/index.php?rest_route=\/wp\/v2\/users\/2"}],"replies":[{"embeddable":true,"href":"https:\/\/zonaroja.com.mx\/index.php?rest_route=%2Fwp%2Fv2%2Fcomments&post=76191"}],"version-history":[{"count":2,"href":"https:\/\/zonaroja.com.mx\/index.php?rest_route=\/wp\/v2\/posts\/76191\/revisions"}],"predecessor-version":[{"id":76198,"href":"https:\/\/zonaroja.com.mx\/index.php?rest_route=\/wp\/v2\/posts\/76191\/revisions\/76198"}],"wp:featuredmedia":[{"embeddable":true,"href":"https:\/\/zonaroja.com.mx\/index.php?rest_route=\/wp\/v2\/media\/67764"}],"wp:attachment":[{"href":"https:\/\/zonaroja.com.mx\/index.php?rest_route=%2Fwp%2Fv2%2Fmedia&parent=76191"}],"wp:term":[{"taxonomy":"category","embeddable":true,"href":"https:\/\/zonaroja.com.mx\/index.php?rest_route=%2Fwp%2Fv2%2Fcategories&post=76191"},{"taxonomy":"post_tag","embeddable":true,"href":"https:\/\/zonaroja.com.mx\/index.php?rest_route=%2Fwp%2Fv2%2Ftags&post=76191"}],"curies":[{"name":"wp","href":"https:\/\/api.w.org\/{rel}","templated":true}]}}