{"id":76225,"date":"2025-01-07T10:20:00","date_gmt":"2025-01-07T16:20:00","guid":{"rendered":"https:\/\/zonaroja.com.mx\/?p=76225"},"modified":"2025-01-07T07:21:44","modified_gmt":"2025-01-07T13:21:44","slug":"en-bacheo-y-alumbrado-publico-aplicaran-en-xoxocotlan-19-mdp","status":"publish","type":"post","link":"https:\/\/zonaroja.com.mx\/?p=76225","title":{"rendered":"En bacheo y alumbrado p\u00fablico, aplicar\u00e1n en Xoxocotl\u00e1n 19 mdp"},"content":{"rendered":"\n<p>Redacci\u00f3n\/Zona Roja.<\/p>\n\n\n\n<p>Oaxaca de Ju\u00e1rez, Oax., 7 de enero de 2025.- Santa Cruz Xoxocotl\u00e1n se prepara para un cambio radical. Con una inversi\u00f3n de 19 millones de pesos, el gobierno municipal que preside la edil, Nancy Ben\u00edtez Z\u00e1rate, iniciar\u00e1 una campa\u00f1a de bacheo y alumbrado p\u00fablico.&nbsp;<\/p>\n\n\n\n<p>Esto ser\u00e1 posible en una alianza estrat\u00e9gica entre el Gobierno del Estado y el Ayuntamiento, quienes priorizar\u00e1n los trabajos de rehabilitaci\u00f3n vial y de iluminaci\u00f3n en diversas zonas del municipio.<\/p>\n\n\n\n<p>Nancy Ben\u00edtez Z\u00e1rate, presidenta municipal de Xoxocotl\u00e1n, anunci\u00f3 los detalles en su participaci\u00f3n en la conferencia de prensa del gobernador del estado, Salom\u00f3n Jara Cruz, en donde explic\u00f3 que estas acciones corresponden al programa de bacheo y reencarpetamiento de la Zona Metropolitana del Valle de Oaxaca.&nbsp;<\/p>\n\n\n\n<p>\u201cPara nosotros, una de las principales acciones dentro de los 100 primeros d\u00edas de gobierno es el tema del bacheo. Y con las mesas de trabajo que se han estado realizando en coordinaci\u00f3n con el Gobierno del Estado, anunciamos una inversi\u00f3n de 15 millones de pesos. En el tema del bacheo, Gobierno del Estado nos va a apoyar con 10 millones de pesos y nosotros como Ayuntamiento tendremos una inversi\u00f3n de cinco millones\u201d, destac\u00f3 Ben\u00edtez Z\u00e1rate.<\/p>\n\n\n\n<p>Dentro del programa de reencarpetamiento se priorizar\u00e1n las obras en el Bulevar Guadalupe Hinojosa, y del Monumento a Ju\u00e1rez hasta la rotonda que conduce a las instalaciones del Congreso del Estado de Oaxaca, lo que embellecer\u00e1 la principal vialidad del municipio.<\/p>\n\n\n\n<p>\u201cPara nosotros tambi\u00e9n es muy importante las luminarias, por el trabajo de seguridad que hace el Ayuntamiento y sobre todo la prevenci\u00f3n del delito. Tendremos una inversi\u00f3n de cuatro millones de pesos para ello\u00bb, dijo la presidenta municipal.&nbsp;<\/p>\n\n\n\n<p>De igual manera, Ben\u00edtez Z\u00e1rate inform\u00f3 sobre el mejoramiento de los parques y avenidas que se realiza desde el 1 de enero a trav\u00e9s de los Tequios Bienestar.&nbsp;<\/p>\n\n\n\n<p>Finalmente, la presidenta municipal expres\u00f3 su gratitud al gobernador y reafirm\u00f3 su compromiso para lograr un futuro mejor para Santa Cruz Xoxocotl\u00e1n. \u201cEste esfuerzo conjunto es solo el inicio de grandes cambios que beneficiar\u00e1n a nuestras familias\u201d, a\u00f1adi\u00f3.<\/p>\n","protected":false},"excerpt":{"rendered":"<p>Redacci\u00f3n\/Zona Roja. Oaxaca de Ju\u00e1rez, Oax., 7 de enero de 2025.- Santa Cruz Xoxocotl\u00e1n se&hellip;<\/p>\n","protected":false},"author":2,"featured_media":76226,"comment_status":"closed","ping_status":"open","sticky":false,"template":"","format":"standard","meta":{"_lmt_disableupdate":"","_lmt_disable":"","_jetpack_memberships_contains_paid_content":false,"footnotes":""},"categories":[109,46],"tags":[133],"class_list":["post-76225","post","type-post","status-publish","format-standard","has-post-thumbnail","hentry","category-minuto-a-minuto","category-zona-blanca","tag-santa-cruz-xoxocotlan"],"jetpack_featured_media_url":"https:\/\/zonaroja.com.mx\/wp-content\/uploads\/2025\/01\/Nancy-Benitez.jpeg","jetpack_sharing_enabled":true,"_links":{"self":[{"href":"https:\/\/zonaroja.com.mx\/index.php?rest_route=\/wp\/v2\/posts\/76225","targetHints":{"allow":["GET"]}}],"collection":[{"href":"https:\/\/zonaroja.com.mx\/index.php?rest_route=\/wp\/v2\/posts"}],"about":[{"href":"https:\/\/zonaroja.com.mx\/index.php?rest_route=\/wp\/v2\/types\/post"}],"author":[{"embeddable":true,"href":"https:\/\/zonaroja.com.mx\/index.php?rest_route=\/wp\/v2\/users\/2"}],"replies":[{"embeddable":true,"href":"https:\/\/zonaroja.com.mx\/index.php?rest_route=%2Fwp%2Fv2%2Fcomments&post=76225"}],"version-history":[{"count":1,"href":"https:\/\/zonaroja.com.mx\/index.php?rest_route=\/wp\/v2\/posts\/76225\/revisions"}],"predecessor-version":[{"id":76227,"href":"https:\/\/zonaroja.com.mx\/index.php?rest_route=\/wp\/v2\/posts\/76225\/revisions\/76227"}],"wp:featuredmedia":[{"embeddable":true,"href":"https:\/\/zonaroja.com.mx\/index.php?rest_route=\/wp\/v2\/media\/76226"}],"wp:attachment":[{"href":"https:\/\/zonaroja.com.mx\/index.php?rest_route=%2Fwp%2Fv2%2Fmedia&parent=76225"}],"wp:term":[{"taxonomy":"category","embeddable":true,"href":"https:\/\/zonaroja.com.mx\/index.php?rest_route=%2Fwp%2Fv2%2Fcategories&post=76225"},{"taxonomy":"post_tag","embeddable":true,"href":"https:\/\/zonaroja.com.mx\/index.php?rest_route=%2Fwp%2Fv2%2Ftags&post=76225"}],"curies":[{"name":"wp","href":"https:\/\/api.w.org\/{rel}","templated":true}]}}