{"id":7623,"date":"2020-01-13T12:57:29","date_gmt":"2020-01-13T18:57:29","guid":{"rendered":"https:\/\/www.zonaroja.com.mx\/?p=7623"},"modified":"2020-01-13T12:57:30","modified_gmt":"2020-01-13T18:57:30","slug":"trabajadores-del-imss-denuncian-irregularidades-en-la-dependencia-con-la-4t","status":"publish","type":"post","link":"https:\/\/zonaroja.com.mx\/?p=7623","title":{"rendered":"Trabajadores del IMSS denuncian irregularidades en la dependencia, con la 4T"},"content":{"rendered":"\n<p>Evlin Arag\u00f3n\/Zona Roja.<\/p>\n\n\n\n<p>Oaxaca de Ju\u00e1rez, Oax., 13 de enero de 2020.-&nbsp;Personal del Sindicato Nacional Libre de los Trabajadores del Seguro Social, adscritos al IMSS Oaxaca, se manifestaron a las afueras del Hospital General de Zona n\u00famero 1, ubicado en la calzada H\u00e9roes de Chapultepec de la capital, a fin de denunciar la falta de insumos, materiales y medicamentos para atender a usuarias y usuarios que registra la dependencia.<\/p>\n\n\n\n<p>En conferencia de prensa; indicaron que pese a contar con el reconocimiento legal, la autoridad delegacional del IMSS representada por Jorge Mart\u00ednez Torres, Hortensia Morales S\u00e1nchez, Martha Escobar V\u00e1squez, Carlos Arag\u00f3n Ziga, Teresa Bautista y Judith Marcela Quiroz, les niega las garant\u00edas se\u00f1aladas en la Ley Federal del Trabajo y Contrato Colectivo de Trabajo, configurando un delito penal.&nbsp;<\/p>\n\n\n\n<p>As\u00ed mismo denunciaron las irregularidades cometidas en contra del personal, que incluyen la falta de pago en su prestaciones, as\u00ed como el acoso y persecuci\u00f3n en contra de quienes valientemente denunciaron el robo de medicamentos, el nepotismo, la corrupci\u00f3n y el contubernio entre el sindicato \u201cviejo\u201d y quienes administran el IMSS en Oaxaca, ahora con la Cuarta Transformaci\u00f3n.<\/p>\n\n\n\n<p>\u201cDenunciamos que hoy m\u00e1s que nunca, los trabajadores de este instituto que tuvieron la valent\u00eda de denunciar las irregularidades al interior de la dependencia est\u00e1n siendo perseguidos y ya fuero citados ante su departamento jur\u00eddico y les fueron impuestas sanciones que da\u00f1an su estabilidad laboral y econ\u00f3mica\u201d, indicaron, en voz de Odilia S\u00e1nchez.<\/p>\n\n\n\n<p>El personal afectado esta conformado por: Leticia Real V\u00e1squez, Denisse Ramos Bernal, Monserrat Ruiz S\u00e1nchez, Altemar P\u00e9rez L\u00f3pez y Donaj\u00ed Columba Mart\u00ednez, quien a pesar de ser reinstalada recientemente existe la consigna de rescindirla a como de lugar por indicaciones del doctor Carlos Arag\u00f3n Ziga.<\/p>\n\n\n\n<p>Por el acoso, persecuci\u00f3n e incluso amenazas de muerte recurrieron a la Organizaci\u00f3n Internacional del Trabajo y esperan pronta respuesta de las autoridades federales.&nbsp;<\/p>\n\n\n\n<p>De igual forma criticaron la administraci\u00f3n de Concepci\u00f3n Rueda G\u00f3mez, la cual calificaron de \u201cfatal\u201d ya que desconoc\u00eda completamente la labor del instituto y se dedic\u00f3 destituir a todo aquel que no hablara bonito de ella, de ah\u00ed que el hospital no cuente con gente capacitada que se responsabilice de las diferentes \u00e1reas al interior.&nbsp;&nbsp;<\/p>\n\n\n\n<p>As\u00ed mismo, cuestionaron que el actual encargado de la delegaci\u00f3n en Oaxaca, Jorge Mart\u00ednez Torres, se dedique a atender los temas menos urgentes al interior de la dependencia y se niegue a atender la problem\u00e1tica laboral a la que se enfrentan las y los integrantes del sindicato independiente.<\/p>\n\n\n\n<p>Finalmente explicaron a las y los usuarios que la falta de medicinas y personal especializado es producto de la mala administraci\u00f3n de los directivos y de la pol\u00edtica de venganza y odio con que se acostumbra conducir la encargada de la jefatura de Prestaciones M\u00e9dicas, Martha Escobar V\u00e1squez, raz\u00f3n por la que iniciaron una jornada de denuncia y lucha en defensa de los derechos y de la salud de las y los derechohabientes.&nbsp;<br class=\"Apple-interchange-newline\" \/><\/p>\n","protected":false},"excerpt":{"rendered":"<p>Evlin Arag\u00f3n\/Zona Roja. Oaxaca de Ju\u00e1rez, Oax., 13 de enero de 2020.-&nbsp;Personal del Sindicato Nacional&hellip;<\/p>\n","protected":false},"author":2,"featured_media":7622,"comment_status":"closed","ping_status":"open","sticky":false,"template":"","format":"standard","meta":{"_lmt_disableupdate":"","_lmt_disable":"","_jetpack_memberships_contains_paid_content":false,"footnotes":""},"categories":[109,47],"tags":[218,1274],"class_list":["post-7623","post","type-post","status-publish","format-standard","has-post-thumbnail","hentry","category-minuto-a-minuto","category-zona-gris","tag-instituto-mexicano-del-seguro-social","tag-odilia-sanchez-galicia"],"jetpack_featured_media_url":"https:\/\/zonaroja.com.mx\/wp-content\/uploads\/2020\/01\/img_7521.jpg","jetpack_sharing_enabled":true,"_links":{"self":[{"href":"https:\/\/zonaroja.com.mx\/index.php?rest_route=\/wp\/v2\/posts\/7623","targetHints":{"allow":["GET"]}}],"collection":[{"href":"https:\/\/zonaroja.com.mx\/index.php?rest_route=\/wp\/v2\/posts"}],"about":[{"href":"https:\/\/zonaroja.com.mx\/index.php?rest_route=\/wp\/v2\/types\/post"}],"author":[{"embeddable":true,"href":"https:\/\/zonaroja.com.mx\/index.php?rest_route=\/wp\/v2\/users\/2"}],"replies":[{"embeddable":true,"href":"https:\/\/zonaroja.com.mx\/index.php?rest_route=%2Fwp%2Fv2%2Fcomments&post=7623"}],"version-history":[{"count":1,"href":"https:\/\/zonaroja.com.mx\/index.php?rest_route=\/wp\/v2\/posts\/7623\/revisions"}],"predecessor-version":[{"id":7624,"href":"https:\/\/zonaroja.com.mx\/index.php?rest_route=\/wp\/v2\/posts\/7623\/revisions\/7624"}],"wp:featuredmedia":[{"embeddable":true,"href":"https:\/\/zonaroja.com.mx\/index.php?rest_route=\/wp\/v2\/media\/7622"}],"wp:attachment":[{"href":"https:\/\/zonaroja.com.mx\/index.php?rest_route=%2Fwp%2Fv2%2Fmedia&parent=7623"}],"wp:term":[{"taxonomy":"category","embeddable":true,"href":"https:\/\/zonaroja.com.mx\/index.php?rest_route=%2Fwp%2Fv2%2Fcategories&post=7623"},{"taxonomy":"post_tag","embeddable":true,"href":"https:\/\/zonaroja.com.mx\/index.php?rest_route=%2Fwp%2Fv2%2Ftags&post=7623"}],"curies":[{"name":"wp","href":"https:\/\/api.w.org\/{rel}","templated":true}]}}