{"id":76230,"date":"2025-01-07T12:25:00","date_gmt":"2025-01-07T18:25:00","guid":{"rendered":"https:\/\/zonaroja.com.mx\/?p=76230"},"modified":"2025-01-07T07:26:40","modified_gmt":"2025-01-07T13:26:40","slug":"opinion-2025-historias-por-contar","status":"publish","type":"post","link":"https:\/\/zonaroja.com.mx\/?p=76230","title":{"rendered":"Opini\u00f3n. 2025: historias por contar"},"content":{"rendered":"\n<p>Isidoro Yescas*<\/p>\n\n\n\n<p>Hay mucho que conmemorar y materia para reflexionar en Oaxaca para este&nbsp;a\u00f1o 2025:<\/p>\n\n\n\n<p>1.&nbsp;Es el a\u00f1o que se cumplen 200 a\u00f1os de la promulgaci\u00f3n de la primera Constituci\u00f3n Pol\u00edtica del Estado Libre y Soberano de Oaxaca&nbsp;( 1825). Sin embargo, el punto de partida para transitar a una nueva Constituci\u00f3n ser\u00e1 la promulgada en el a\u00f1o de 1922, que con infinidad de reformas y parches es la que est\u00e1 vigente.&nbsp;<\/p>\n\n\n\n<p>De 1922 a la fecha,&nbsp;el contexto social y pol\u00edtico de Oaxaca se ha modificado radicalmente y&nbsp;ese &nbsp;solo hecho resultar\u00eda&nbsp;un motivo suficiente para impulsar cambios de fondo en su andamiaje jur\u00eddico-institucional que concluyan con una nueva Constituci\u00f3n local.<\/p>\n\n\n\n<p>En el tr\u00e1nsito del siglo XX al XXI nuestra entidad ha atravesado, grosso modo, por&nbsp;cuatro&nbsp;grandes etapas: la primera identificada con la implantaci\u00f3n &nbsp;de un nuevo sistema pol\u00edtico de corte unipartidista, hegem\u00f3nico y autoritario que , al igual que a nivel nacional, abarca poco m\u00e1s de cuatro &nbsp;d\u00e9cadas ( 1922-1967) es decir, del nacimiento del PNR y su conversi\u00f3n a PRM y PRI hasta las postrimer\u00edas de los sesenta.<\/p>\n\n\n\n<p>La segunda etapa se inicia con el movimiento estudiantil de 1968 y se cierra con la ca\u00edda del gobernador Manuel Z\u00e1rate Aquino en marzo de 1977. &nbsp;<\/p>\n\n\n\n<p>Los primeros cambios en&nbsp;el &nbsp;sistema&nbsp;pol\u00edtico oaxaque\u00f1o coincidir\u00e1n de alguna manera con la reforma pol\u00edtica promovida a nivel federal por el&nbsp;lopezportillismo&nbsp;y ser\u00e1n definitorios para la reconfiguraci\u00f3n tanto del sistema de partidos pol\u00edticos como del poder legislativo y el sistema de gobiernos municipales.&nbsp;<\/p>\n\n\n\n<p>Esta&nbsp;tercera etapa&nbsp;(1977-2006) tambi\u00e9n tendr\u00e1 como rasgo distintivo la emergencia y consolidaci\u00f3n de los movimientos sociales, sindicales &nbsp;e ind\u00edgenas y la crisis en el viejo sistema de dominio&nbsp;pri\u00edsta&nbsp;expresado en el movimiento popular del 2006.<\/p>\n\n\n\n<p>La cuarta etapa se inicia con la primera alternancia en&nbsp;el Poder&nbsp;Ejecutivo( 2010) y est\u00e1 marcada por las dos alternancias consecutivas que se registran en el 2016, con el regreso del PRI, y el 2022 con el ascenso de Morena.&nbsp;<\/p>\n\n\n\n<p>Sin embargo, pese&nbsp;a&nbsp;&nbsp;su&nbsp;avasalladora presencia electoral &nbsp;y al &nbsp;control &nbsp;que ejerce, v\u00eda el poder ejecutivo, de &nbsp;los poderes legislativo y judicial y de los principales municipios de la entidad,&nbsp;Morena, ya como movimiento, ya como partido,&nbsp;no ha marcado todav\u00eda un punto de inflexi\u00f3n en sus pol\u00edticas p\u00fablicas ni mucho menos en el ejercicio del poder&nbsp;que marque la diferencia con el viejo r\u00e9gimen.<\/p>\n\n\n\n<p>2.&nbsp;En la secci\u00f3n 22 del&nbsp;SNTE&nbsp;el&nbsp;magisterio oaxaque\u00f1o&nbsp;estar\u00eda&nbsp;conmemorando&nbsp;(no necesariamente desde la dirigencia seccional)&nbsp;los&nbsp;45 a\u00f1os de la derrota de Vanguardia Revolucionaria y el nacimiento del movimiento democratizador de los trabajadores de la educaci\u00f3n.&nbsp;<\/p>\n\n\n\n<p>Por tratarse de un suceso que literalmente rompi\u00f3 con el control corporativo&nbsp;de la trilog\u00eda SNTE-Vanguardia Revolucionaria-PRI&nbsp;y empoder\u00f3 a la base magisterial en la toma de decisiones&nbsp;(&nbsp;pol\u00edtico-sindical y educativo) el MDTEO marc\u00f3 un antes y un despu\u00e9s en la historia del sindicalismo magisterial y de los movimientos sociales de Oaxaca.&nbsp;<\/p>\n\n\n\n<p>3.&nbsp;Y&nbsp;en &nbsp;la&nbsp;UABJO se cumplir\u00e1n 50 a\u00f1os del surgimiento del movimiento estudiantil que le&nbsp;dio continuidad a la demanda del 68 para democratizar la elecci\u00f3n de autoridades y vincular a esta casa de estudio con las causas populares.&nbsp;<\/p>\n\n\n\n<p>Me refiero al Movimiento Democr\u00e1tico Universitario (MDU) que surgi\u00f3 en las postrimer\u00edas de&nbsp;1975 &nbsp;y&nbsp;que se prolong\u00f3 hasta la primera mitad de 1978.&nbsp;<\/p>\n\n\n\n<p>Con &nbsp;liderazgos&nbsp;y grupos&nbsp;de activistas&nbsp;muchas veces enfrentados ideol\u00f3gica y pol\u00edticamente,&nbsp;dos&nbsp;&nbsp;adversarios&nbsp;poderosos&nbsp;como lo fueron los gobernadores Manuel Z\u00e1rate Aquino y Eliseo Jim\u00e9nez Ruiz&nbsp;y el gobierno federal jugando&nbsp;con todas las fuerzas pol\u00edticas,&nbsp;el principal reclamo del movimiento estudiantil solamente &nbsp;cobr\u00f3 forma hasta 1988 al incorporarse a la Ley Org\u00e1nica&nbsp;de la UABJO&nbsp;el voto universal, directo&nbsp;y secreto.<\/p>\n\n\n\n<p>Habr\u00e1 que volver m\u00e1s adelante&nbsp;sobre &nbsp;cada&nbsp;uno de estos sucesos de la historia pol\u00edtica&nbsp;y social&nbsp;de Oaxaca para analizarlos &nbsp;en pasado y presente.&nbsp;<\/p>\n\n\n\n<p>*Maestro en Sociolog\u00eda.<\/p>\n\n\n\n<p>X: @YescasIsidoro<\/p>\n","protected":false},"excerpt":{"rendered":"<p>Isidoro Yescas* Hay mucho que conmemorar y materia para reflexionar en Oaxaca para este&nbsp;a\u00f1o 2025:&hellip;<\/p>\n","protected":false},"author":2,"featured_media":71623,"comment_status":"closed","ping_status":"open","sticky":false,"template":"","format":"standard","meta":{"_lmt_disableupdate":"","_lmt_disable":"","_jetpack_memberships_contains_paid_content":false,"footnotes":""},"categories":[456,109],"tags":[3998],"class_list":["post-76230","post","type-post","status-publish","format-standard","has-post-thumbnail","hentry","category-columna","category-minuto-a-minuto","tag-isidoro-yescas-martinez"],"jetpack_featured_media_url":"https:\/\/zonaroja.com.mx\/wp-content\/uploads\/2024\/08\/Opinion.-Isidoro-Yescas.jpg","jetpack_sharing_enabled":true,"_links":{"self":[{"href":"https:\/\/zonaroja.com.mx\/index.php?rest_route=\/wp\/v2\/posts\/76230","targetHints":{"allow":["GET"]}}],"collection":[{"href":"https:\/\/zonaroja.com.mx\/index.php?rest_route=\/wp\/v2\/posts"}],"about":[{"href":"https:\/\/zonaroja.com.mx\/index.php?rest_route=\/wp\/v2\/types\/post"}],"author":[{"embeddable":true,"href":"https:\/\/zonaroja.com.mx\/index.php?rest_route=\/wp\/v2\/users\/2"}],"replies":[{"embeddable":true,"href":"https:\/\/zonaroja.com.mx\/index.php?rest_route=%2Fwp%2Fv2%2Fcomments&post=76230"}],"version-history":[{"count":1,"href":"https:\/\/zonaroja.com.mx\/index.php?rest_route=\/wp\/v2\/posts\/76230\/revisions"}],"predecessor-version":[{"id":76231,"href":"https:\/\/zonaroja.com.mx\/index.php?rest_route=\/wp\/v2\/posts\/76230\/revisions\/76231"}],"wp:featuredmedia":[{"embeddable":true,"href":"https:\/\/zonaroja.com.mx\/index.php?rest_route=\/wp\/v2\/media\/71623"}],"wp:attachment":[{"href":"https:\/\/zonaroja.com.mx\/index.php?rest_route=%2Fwp%2Fv2%2Fmedia&parent=76230"}],"wp:term":[{"taxonomy":"category","embeddable":true,"href":"https:\/\/zonaroja.com.mx\/index.php?rest_route=%2Fwp%2Fv2%2Fcategories&post=76230"},{"taxonomy":"post_tag","embeddable":true,"href":"https:\/\/zonaroja.com.mx\/index.php?rest_route=%2Fwp%2Fv2%2Ftags&post=76230"}],"curies":[{"name":"wp","href":"https:\/\/api.w.org\/{rel}","templated":true}]}}