{"id":76239,"date":"2025-01-07T16:40:00","date_gmt":"2025-01-07T22:40:00","guid":{"rendered":"https:\/\/zonaroja.com.mx\/?p=76239"},"modified":"2025-01-07T16:30:18","modified_gmt":"2025-01-07T22:30:18","slug":"oaxaca-estara-presente-en-la-feria-internacional-de-turismo-2025-de-espana","status":"publish","type":"post","link":"https:\/\/zonaroja.com.mx\/?p=76239","title":{"rendered":"Oaxaca estar\u00e1 presente en la Feria Internacional de Turismo 2025 de Espa\u00f1a"},"content":{"rendered":"\n<p>Redacci\u00f3n\/Zona Roja.&nbsp;<\/p>\n\n\n\n<p>Oaxaca de Ju\u00e1rez, Oax., a 7 de enero de 2025.- La Secretar\u00eda de Turismo del Estado (Sectur Oaxaca) prepara la presentaci\u00f3n por tercer a\u00f1o consecutivo de Oaxaca en la Feria Internacional de Turismo 2025 (Fitur) de Madrid, Espa\u00f1a, que se realizar\u00e1 del 22 al 26 de enero, a fin de impulsar la promoci\u00f3n de los atractivos tur\u00edsticos de la entidad en los principales mercados internacionales.<\/p>\n\n\n\n<p>La titular de la dependencia, Saymi Pineda Velasco indic\u00f3 que esta actividad es una oportunidad para aumentar la visita de turistas, y con ello lograr un incremento en la derrama econ\u00f3mica para beneficio de los sectores productivos y las familias locales.<\/p>\n\n\n\n<p>Destac\u00f3 que la Primavera Oaxaque\u00f1a trabaja para que el turismo se consolide como un motor de bienestar y desarrollo. En este sentido, el estado llevar\u00e1 su grandeza a la Fitur 2025, alineada con la estrategia del Gobierno de M\u00e9xico para que el pa\u00eds sea socio de la edici\u00f3n 2026.<\/p>\n\n\n\n<p>Cabe destacar que Oaxaca contar\u00e1 con un c\u00f3rner doble en el pabell\u00f3n de M\u00e9xico, donde atender\u00e1&nbsp;citas de negocios, entrevistas con medios de comunicaci\u00f3n internacionales y se dar\u00e1n muestras del patrimonio artesanal y gastron\u00f3mico. Tambi\u00e9n participar\u00e1n representantes de asociaciones de empresas tur\u00edsticas y exponentes de la gastronom\u00eda y artesan\u00edas.<\/p>\n\n\n\n<p>La Fitur es el evento de referencia en el sector tur\u00edstico y la feria l\u00edder para los mercados receptivos y emisores a nivel mundial, por ello es un punto de encuentro global clave para profesionales de la industria tur\u00edstica y la mayor plataforma de negocio del sector.<\/p>\n\n\n\n<p>Esta feria reunir\u00e1 a 153 mil profesionales, 152 pa\u00edses y la visita de 97 mil personas, con la participaci\u00f3n de Brasil como socio Fitur.<\/p>\n","protected":false},"excerpt":{"rendered":"<p>Redacci\u00f3n\/Zona Roja.&nbsp; Oaxaca de Ju\u00e1rez, Oax., a 7 de enero de 2025.- La Secretar\u00eda de&hellip;<\/p>\n","protected":false},"author":2,"featured_media":76240,"comment_status":"closed","ping_status":"open","sticky":false,"template":"","format":"standard","meta":{"_lmt_disableupdate":"","_lmt_disable":"","_jetpack_memberships_contains_paid_content":false,"footnotes":""},"categories":[109,46],"tags":[1031],"class_list":["post-76239","post","type-post","status-publish","format-standard","has-post-thumbnail","hentry","category-minuto-a-minuto","category-zona-blanca","tag-secretaria-de-turismo-oaxaca"],"jetpack_featured_media_url":"https:\/\/zonaroja.com.mx\/wp-content\/uploads\/2025\/01\/Fitur-Madrid-Espana.jpg","jetpack_sharing_enabled":true,"_links":{"self":[{"href":"https:\/\/zonaroja.com.mx\/index.php?rest_route=\/wp\/v2\/posts\/76239","targetHints":{"allow":["GET"]}}],"collection":[{"href":"https:\/\/zonaroja.com.mx\/index.php?rest_route=\/wp\/v2\/posts"}],"about":[{"href":"https:\/\/zonaroja.com.mx\/index.php?rest_route=\/wp\/v2\/types\/post"}],"author":[{"embeddable":true,"href":"https:\/\/zonaroja.com.mx\/index.php?rest_route=\/wp\/v2\/users\/2"}],"replies":[{"embeddable":true,"href":"https:\/\/zonaroja.com.mx\/index.php?rest_route=%2Fwp%2Fv2%2Fcomments&post=76239"}],"version-history":[{"count":1,"href":"https:\/\/zonaroja.com.mx\/index.php?rest_route=\/wp\/v2\/posts\/76239\/revisions"}],"predecessor-version":[{"id":76241,"href":"https:\/\/zonaroja.com.mx\/index.php?rest_route=\/wp\/v2\/posts\/76239\/revisions\/76241"}],"wp:featuredmedia":[{"embeddable":true,"href":"https:\/\/zonaroja.com.mx\/index.php?rest_route=\/wp\/v2\/media\/76240"}],"wp:attachment":[{"href":"https:\/\/zonaroja.com.mx\/index.php?rest_route=%2Fwp%2Fv2%2Fmedia&parent=76239"}],"wp:term":[{"taxonomy":"category","embeddable":true,"href":"https:\/\/zonaroja.com.mx\/index.php?rest_route=%2Fwp%2Fv2%2Fcategories&post=76239"},{"taxonomy":"post_tag","embeddable":true,"href":"https:\/\/zonaroja.com.mx\/index.php?rest_route=%2Fwp%2Fv2%2Ftags&post=76239"}],"curies":[{"name":"wp","href":"https:\/\/api.w.org\/{rel}","templated":true}]}}