{"id":76244,"date":"2025-01-07T18:33:00","date_gmt":"2025-01-08T00:33:00","guid":{"rendered":"https:\/\/zonaroja.com.mx\/?p=76244"},"modified":"2025-01-07T16:35:56","modified_gmt":"2025-01-07T22:35:56","slug":"asegura-gobierno-de-oaxaca-que-atiende-necesidades-del-hospital-civil","status":"publish","type":"post","link":"https:\/\/zonaroja.com.mx\/?p=76244","title":{"rendered":"Asegura gobierno de Oaxaca que atiende necesidades del Hospital Civil"},"content":{"rendered":"\n<p>Redacci\u00f3n\/Zona Roja.&nbsp;<\/p>\n\n\n\n<p>Oaxaca de Ju\u00e1rez, Oax., a 7 de enero de 2025.- Servicios de Salud de Oaxaca (SSO), en colaboraci\u00f3n con la Coordinaci\u00f3n Estatal IMSS Bienestar Oaxaca y las autoridades administrativas del Hospital General \u201cDr. Aurelio Valdivieso\u201d, informan que los servicios m\u00e9dicos en este importante nosocomio contin\u00faan operando de manera regular como instituci\u00f3n de segundo nivel.<\/p>\n\n\n\n<p>En el marco de una reuni\u00f3n de trabajo, se abordaron y subsanaron las principales necesidades relacionadas con insumos y servicios generales. Estas acciones buscan garantizar la atenci\u00f3n oportuna a la poblaci\u00f3n sin seguridad social en Oaxaca, reafirmando el compromiso de mantener este centro m\u00e9dico emblem\u00e1tico plenamente funcional.<\/p>\n\n\n\n<p>Las autoridades destacan que no se ha suspendido ning\u00fan servicio en el hospital y reiteran su compromiso de seguir gestionando soluciones en conjunto con el nivel federal, a trav\u00e9s del OPD IMSS Bienestar, para atender cualquier rezago y fortalecer la operatividad del nosocomio.<\/p>\n\n\n\n<p>Asimismo, se reconoci\u00f3 la labor del personal del \u201cAurelio Valdivieso\u201d quienes diariamente demuestran su compromiso y vocaci\u00f3n de servicio hacia las familias oaxaque\u00f1as.<\/p>\n\n\n\n<p>\u201cSeguiremos trabajando para garantizar que el Hospital General brinde atenci\u00f3n de calidad y humana, en beneficio de quienes m\u00e1s lo necesitan\u201d, remarcaron.<\/p>\n","protected":false},"excerpt":{"rendered":"<p>Redacci\u00f3n\/Zona Roja.&nbsp; Oaxaca de Ju\u00e1rez, Oax., a 7 de enero de 2025.- Servicios de Salud&hellip;<\/p>\n","protected":false},"author":2,"featured_media":76245,"comment_status":"closed","ping_status":"open","sticky":false,"template":"","format":"standard","meta":{"_lmt_disableupdate":"","_lmt_disable":"","_jetpack_memberships_contains_paid_content":false,"footnotes":""},"categories":[109,46],"tags":[781],"class_list":["post-76244","post","type-post","status-publish","format-standard","has-post-thumbnail","hentry","category-minuto-a-minuto","category-zona-blanca","tag-hospital-civil-dr-aurelio-valdivieso-de-oaxaca"],"jetpack_featured_media_url":"https:\/\/zonaroja.com.mx\/wp-content\/uploads\/2025\/01\/Reuniones-Hospital-Civil-Aurelio-Valdivieso.jpeg","jetpack_sharing_enabled":true,"_links":{"self":[{"href":"https:\/\/zonaroja.com.mx\/index.php?rest_route=\/wp\/v2\/posts\/76244","targetHints":{"allow":["GET"]}}],"collection":[{"href":"https:\/\/zonaroja.com.mx\/index.php?rest_route=\/wp\/v2\/posts"}],"about":[{"href":"https:\/\/zonaroja.com.mx\/index.php?rest_route=\/wp\/v2\/types\/post"}],"author":[{"embeddable":true,"href":"https:\/\/zonaroja.com.mx\/index.php?rest_route=\/wp\/v2\/users\/2"}],"replies":[{"embeddable":true,"href":"https:\/\/zonaroja.com.mx\/index.php?rest_route=%2Fwp%2Fv2%2Fcomments&post=76244"}],"version-history":[{"count":1,"href":"https:\/\/zonaroja.com.mx\/index.php?rest_route=\/wp\/v2\/posts\/76244\/revisions"}],"predecessor-version":[{"id":76246,"href":"https:\/\/zonaroja.com.mx\/index.php?rest_route=\/wp\/v2\/posts\/76244\/revisions\/76246"}],"wp:featuredmedia":[{"embeddable":true,"href":"https:\/\/zonaroja.com.mx\/index.php?rest_route=\/wp\/v2\/media\/76245"}],"wp:attachment":[{"href":"https:\/\/zonaroja.com.mx\/index.php?rest_route=%2Fwp%2Fv2%2Fmedia&parent=76244"}],"wp:term":[{"taxonomy":"category","embeddable":true,"href":"https:\/\/zonaroja.com.mx\/index.php?rest_route=%2Fwp%2Fv2%2Fcategories&post=76244"},{"taxonomy":"post_tag","embeddable":true,"href":"https:\/\/zonaroja.com.mx\/index.php?rest_route=%2Fwp%2Fv2%2Ftags&post=76244"}],"curies":[{"name":"wp","href":"https:\/\/api.w.org\/{rel}","templated":true}]}}