{"id":76247,"date":"2025-01-07T19:36:00","date_gmt":"2025-01-08T01:36:00","guid":{"rendered":"https:\/\/zonaroja.com.mx\/?p=76247"},"modified":"2025-01-07T16:39:30","modified_gmt":"2025-01-07T22:39:30","slug":"dirigente-de-morena-afirma-que-oaxaca-es-entidad-segura","status":"publish","type":"post","link":"https:\/\/zonaroja.com.mx\/?p=76247","title":{"rendered":"Dirigente de Morena afirma que Oaxaca es entidad segura"},"content":{"rendered":"\n<p>Redacci\u00f3n\/Zona Roja.<\/p>\n\n\n\n<p>Oaxaca de Ju\u00e1rez, Oax., a 7 de enero de 2025.- El presidente del Comit\u00e9 Ejecutivo Estatal (CEE) de Morena en Oaxaca, Emmanuel Navarro, respald\u00f3 la estrategia de seguridad implementada por el gobierno de la \u201cPrimavera Oaxaque\u00f1a\u201d, y que ha logrado reducir la inseguridad y la violencia.<\/p>\n\n\n\n<p>Dijo que, como movimiento uno de los preceptos es generar el bienestar del pueblo, y esto se est\u00e1 logrando por la Presidenta de M\u00e9xico Claudia Sheinbaum y el gobernador Salom\u00f3n Jara Cruz, a trav\u00e9s de acciones que atienden las causas de la inseguridad.<\/p>\n\n\n\n<p>\u201cLas pensiones Bienestar para Adultos Mayores, para Personas con Discapacidad, la Beca Rita Cetina implementada por la federaci\u00f3n y programas como Mi Primera Chamba o la Tarjeta Margarita Maza del Gobierno estatal, son aplicados en lugares estrat\u00e9gicos que atienden las causas, porque brindan oportunidades y aleja a las personas de la necesidad de delinquir\u201d, indic\u00f3.<\/p>\n\n\n\n<p>Adem\u00e1s, las acciones de inteligencia, de prevenci\u00f3n y coordinaci\u00f3n entre la federaci\u00f3n y el gobierno estatal han logrado la disminuci\u00f3n de estos hechos, que antes manten\u00edan a la poblaci\u00f3n con miedo.&nbsp;<\/p>\n\n\n\n<p>Lament\u00f3 que la informaci\u00f3n sea tergiversada y manipulada por grupos de poder que se encuentran dolidos, a quienes se les quit\u00f3 privilegios, el control pol\u00edtico y econ\u00f3mico, \u201cahora buscan pintar un estado diferente al que vivimos, tratando de enga\u00f1ar a la gente; sin embargo, el pueblo de Oaxaca ha despertado, la revoluci\u00f3n de conciencias no ha dejado creer en estas mentiras\u201d, afirm\u00f3 el dirigente.<\/p>\n\n\n\n<p>Emmanuel Navarro dijo que, las acciones realizadas en materia de seguridad son claras, la Fiscal\u00eda ya inform\u00f3 que, del a\u00f1o 2022 al 2024 hay una disminuci\u00f3n del 30 por ciento en delitos de impacto. Y es que mientras en el 2022 se registr\u00f3 un acumulado anual de 19 mil 440 delitos, en 2024 se registraron 13 mil 560.<\/p>\n\n\n\n<p>En este sentido, reconoci\u00f3 la actuaci\u00f3n del Gobierno del Estado por las acciones que han logrado colocar a Oaxaca como la quinta entidad m\u00e1s segura a nivel nacional, y a la Fiscal\u00eda estatal por procurar justicia para la sociedad.&nbsp;<\/p>\n\n\n\n<p>\u201cAntes, los gobiernos eran indolentes, no les importaba el dolor de las familias, por el contrario, hoy el humanismo que caracteriza a los gobiernos de la Cuarta Transformaci\u00f3n los hace sensibles y los compromete en atender el tema de la seguridad\u201d, finaliz\u00f3.<\/p>\n","protected":false},"excerpt":{"rendered":"<p>Redacci\u00f3n\/Zona Roja. Oaxaca de Ju\u00e1rez, Oax., a 7 de enero de 2025.- El presidente del&hellip;<\/p>\n","protected":false},"author":2,"featured_media":76248,"comment_status":"closed","ping_status":"open","sticky":false,"template":"","format":"standard","meta":{"_lmt_disableupdate":"","_lmt_disable":"","_jetpack_memberships_contains_paid_content":false,"footnotes":""},"categories":[109,46],"tags":[4128],"class_list":["post-76247","post","type-post","status-publish","format-standard","has-post-thumbnail","hentry","category-minuto-a-minuto","category-zona-blanca","tag-emmanuel-navarro-jara"],"jetpack_featured_media_url":"https:\/\/zonaroja.com.mx\/wp-content\/uploads\/2025\/01\/Emmanuel-Navarro-Morena.jpg","jetpack_sharing_enabled":true,"_links":{"self":[{"href":"https:\/\/zonaroja.com.mx\/index.php?rest_route=\/wp\/v2\/posts\/76247","targetHints":{"allow":["GET"]}}],"collection":[{"href":"https:\/\/zonaroja.com.mx\/index.php?rest_route=\/wp\/v2\/posts"}],"about":[{"href":"https:\/\/zonaroja.com.mx\/index.php?rest_route=\/wp\/v2\/types\/post"}],"author":[{"embeddable":true,"href":"https:\/\/zonaroja.com.mx\/index.php?rest_route=\/wp\/v2\/users\/2"}],"replies":[{"embeddable":true,"href":"https:\/\/zonaroja.com.mx\/index.php?rest_route=%2Fwp%2Fv2%2Fcomments&post=76247"}],"version-history":[{"count":1,"href":"https:\/\/zonaroja.com.mx\/index.php?rest_route=\/wp\/v2\/posts\/76247\/revisions"}],"predecessor-version":[{"id":76249,"href":"https:\/\/zonaroja.com.mx\/index.php?rest_route=\/wp\/v2\/posts\/76247\/revisions\/76249"}],"wp:featuredmedia":[{"embeddable":true,"href":"https:\/\/zonaroja.com.mx\/index.php?rest_route=\/wp\/v2\/media\/76248"}],"wp:attachment":[{"href":"https:\/\/zonaroja.com.mx\/index.php?rest_route=%2Fwp%2Fv2%2Fmedia&parent=76247"}],"wp:term":[{"taxonomy":"category","embeddable":true,"href":"https:\/\/zonaroja.com.mx\/index.php?rest_route=%2Fwp%2Fv2%2Fcategories&post=76247"},{"taxonomy":"post_tag","embeddable":true,"href":"https:\/\/zonaroja.com.mx\/index.php?rest_route=%2Fwp%2Fv2%2Ftags&post=76247"}],"curies":[{"name":"wp","href":"https:\/\/api.w.org\/{rel}","templated":true}]}}