{"id":7625,"date":"2020-01-13T14:12:11","date_gmt":"2020-01-13T20:12:11","guid":{"rendered":"https:\/\/www.zonaroja.com.mx\/?p=7625"},"modified":"2020-01-13T14:12:14","modified_gmt":"2020-01-13T20:12:14","slug":"oaxaca-con-mas-agresiones-y-homicidios-de-periodistas-todos-impunes","status":"publish","type":"post","link":"https:\/\/zonaroja.com.mx\/?p=7625","title":{"rendered":"Oaxaca, con m\u00e1s agresiones y homicidios de periodistas; todos impunes"},"content":{"rendered":"\n<p class=\"MsoNormal\">Yuridiana Sosa\/Zona Roja.&nbsp;<\/p>\n\n\n\n<p class=\"MsoNormal\">Oaxaca de Ju\u00e1rez, Oax., 13 de enero de 2020.- Oaxaca ocupa el tercer lugar nacional por el n\u00famero de agresiones a periodistas, de acuerdo con la organizaci\u00f3n Art\u00edculo 19; en 18 a\u00f1os adem\u00e1s, acumula 13 asesinatos de comunicadores y todos los casos permanecen en la impunidad.&nbsp;<\/p>\n\n\n\n<p class=\"MsoNormal\">El pr\u00f3ximo&nbsp;<a href=\"\/\/1\">22 de enero<\/a>, Agust\u00edn Silva, colaborador del medio \u201cEl Sol del Istmo\u201d&nbsp;en esa regi\u00f3n de Oaxaca cumple dos a\u00f1os como desaparecido. Junto con \u00e9l, 23 periodistas m\u00e1s en M\u00e9xico contin\u00faan en esa misma condici\u00f3n.<\/p>\n\n\n\n<p class=\"MsoNormal\">El caso de Agust\u00edn es el m\u00e1s reciente a nivel nacional, seg\u00fan datos de la organizaci\u00f3n internacional Art\u00edculo 19, que tambi\u00e9n reporta que en la entidad oaxaque\u00f1a 13 periodistas han perdido la vida en el lapso de 18 a\u00f1os; uno de ellos cometido en mayo de 2019 contra el locutor Tel\u00e9sforo Santiago Enr\u00edquez, en mayo pasado.&nbsp;<\/p>\n\n\n\n<p class=\"MsoNormal\">En seis de los 23 casos, los reporteros desaparecidos cubr\u00edan nota roja, constan datos de la organizaci\u00f3n Art\u00edculo 19; en cinco de los casos recibieron amenazas de personas no identificadas; as\u00ed como en cinco est\u00e1n involucradas autoridades federales; en cuatros, autoridades estatales, al igual que las autoridades militares y en tres de ellos autoridades municipales.<\/p>\n\n\n\n<p class=\"MsoNormal\">En el caso del oaxaque\u00f1o, la Fiscal\u00eda localiz\u00f3 el veh\u00edculo del comunicador Agust\u00edn Silva horas despu\u00e9s del reporte de la desaparici\u00f3n, en el poblado de Morrito, en el municipio de Asunci\u00f3n Ixtaltepec. A la fecha no hay m\u00e1s informaci\u00f3n del hecho.<\/p>\n\n\n\n<p class=\"MsoNormal\"><strong>Asesinatos&nbsp;<\/strong><\/p>\n\n\n\n<p class=\"MsoNormal\">En mayo de 2019 se registr\u00f3 el asesinato del locutor Tel\u00e9sforo Santiago Enr\u00edquez en San Agust\u00edn Loxicha, hecho al que le anteceden 12 homicidios m\u00e1s registrados desde el a\u00f1o 2006.<\/p>\n\n\n\n<p class=\"MsoNormal\">Durante el a\u00f1o 2016, entre los meses de enero y septiembre, ocurrieron cuatro asesinatos a comunicadores en Oaxaca; dos en 2015, uno en 2014 y 2013, mientras que en 2008 dos casos al igual que en 2006.<\/p>\n\n\n\n<p class=\"MsoNormal\">Oaxaca se encuentra en las entidades donde se han cometido m\u00e1s asesinatos a periodistas, que a nivel nacional suman 131 homicidios del 2000 a la fecha.<\/p>\n\n\n\n<p class=\"MsoNormal\">En 47 ocasiones, los hechos se registraron durante el sexenio de Enrique Pe\u00f1a Nieto y 11 en el actual de Andr\u00e9s Manuel L\u00f3pez Obrador.<\/p>\n","protected":false},"excerpt":{"rendered":"<p>Yuridiana Sosa\/Zona Roja.&nbsp; Oaxaca de Ju\u00e1rez, Oax., 13 de enero de 2020.- Oaxaca ocupa el&hellip;<\/p>\n","protected":false},"author":2,"featured_media":6707,"comment_status":"closed","ping_status":"open","sticky":false,"template":"","format":"standard","meta":{"_lmt_disableupdate":"","_lmt_disable":"","_jetpack_memberships_contains_paid_content":false,"footnotes":""},"categories":[109,51],"tags":[828],"class_list":["post-7625","post","type-post","status-publish","format-standard","has-post-thumbnail","hentry","category-minuto-a-minuto","category-zona-roja","tag-telesforo-santiago-enriquez"],"jetpack_featured_media_url":"https:\/\/zonaroja.com.mx\/wp-content\/uploads\/2019\/12\/Violencia-periodistas.jpg","jetpack_sharing_enabled":true,"_links":{"self":[{"href":"https:\/\/zonaroja.com.mx\/index.php?rest_route=\/wp\/v2\/posts\/7625","targetHints":{"allow":["GET"]}}],"collection":[{"href":"https:\/\/zonaroja.com.mx\/index.php?rest_route=\/wp\/v2\/posts"}],"about":[{"href":"https:\/\/zonaroja.com.mx\/index.php?rest_route=\/wp\/v2\/types\/post"}],"author":[{"embeddable":true,"href":"https:\/\/zonaroja.com.mx\/index.php?rest_route=\/wp\/v2\/users\/2"}],"replies":[{"embeddable":true,"href":"https:\/\/zonaroja.com.mx\/index.php?rest_route=%2Fwp%2Fv2%2Fcomments&post=7625"}],"version-history":[{"count":1,"href":"https:\/\/zonaroja.com.mx\/index.php?rest_route=\/wp\/v2\/posts\/7625\/revisions"}],"predecessor-version":[{"id":7626,"href":"https:\/\/zonaroja.com.mx\/index.php?rest_route=\/wp\/v2\/posts\/7625\/revisions\/7626"}],"wp:featuredmedia":[{"embeddable":true,"href":"https:\/\/zonaroja.com.mx\/index.php?rest_route=\/wp\/v2\/media\/6707"}],"wp:attachment":[{"href":"https:\/\/zonaroja.com.mx\/index.php?rest_route=%2Fwp%2Fv2%2Fmedia&parent=7625"}],"wp:term":[{"taxonomy":"category","embeddable":true,"href":"https:\/\/zonaroja.com.mx\/index.php?rest_route=%2Fwp%2Fv2%2Fcategories&post=7625"},{"taxonomy":"post_tag","embeddable":true,"href":"https:\/\/zonaroja.com.mx\/index.php?rest_route=%2Fwp%2Fv2%2Ftags&post=7625"}],"curies":[{"name":"wp","href":"https:\/\/api.w.org\/{rel}","templated":true}]}}