{"id":76250,"date":"2025-01-08T08:25:00","date_gmt":"2025-01-08T14:25:00","guid":{"rendered":"https:\/\/zonaroja.com.mx\/?p=76250"},"modified":"2025-01-08T06:42:15","modified_gmt":"2025-01-08T12:42:15","slug":"mexico-esta-esencialmente-dirigido-por-los-carteles-trump","status":"publish","type":"post","link":"https:\/\/zonaroja.com.mx\/?p=76250","title":{"rendered":"M\u00e9xico \u201cest\u00e1 esencialmente dirigido por los c\u00e1rteles\u201d: Trump"},"content":{"rendered":"\n<p>Redacci\u00f3n\/Zona Roja Cdmx.<\/p>\n\n\n\n<p>Ciudad de M\u00e9xico, a 8 de enero de 2025.- A solo unos d\u00edas de que asuma la presidencia de Estados Unidos, Donald Trump nuevamente se lanz\u00f3 contra M\u00e9xico al afirmar que nuestro pa\u00eds est\u00e1 \u201cesencialmente dirigido por los c\u00e1rteles\u201d del narcotr\u00e1fico.<\/p>\n\n\n\n<p>En conferencia de prensa desde su residencia en Mar-a-Lago, Trump asegur\u00f3 que M\u00e9xico \u201ctiene muchos problemas\u201d y que es \u201cun lugar muy peligroso\u201d debido al dominio que tienen los grupos criminales, aunque prometi\u00f3 que \u201cmuy pronto\u201d cambiar\u00e1 esta situaci\u00f3n.<\/p>\n\n\n\n<p>\u201cNo podemos dejar que eso pase, M\u00e9xico est\u00e1 realmente en problemas, muchos problemas\u201d, asever\u00f3 el republicano, mientras que el Congreso de Estados Unidos inicia planes para impulsar proyectos de ley en migraci\u00f3n y control fronterizo.<\/p>\n\n\n\n<p>El pr\u00f3ximo presidente estadounidense, quien reiteradamente ha advertido que su pa\u00eds catalogar\u00e1 a los c\u00e1rteles mexicanos como organizaciones terroristas, ha dicho en varias ocasiones que la estructura del \u2018narco\u2019 es la que realmente gobierna al pa\u00eds.<\/p>\n\n\n\n<p>\u201cEl problema es que M\u00e9xico est\u00e1 petrificado ante los c\u00e1rteles porque pueden remover al presidente en dos minutos.\u201d, expres\u00f3 Trump al presentador de Fox News, Jesse Watters durante una entrevista en octubre pasado.<\/p>\n\n\n\n<p>Su discurso ha sido respaldado por el vicepresidente electo de los Estados Unidos, J. D. Vance, quien advirti\u00f3 que si su pa\u00eds no se hace cargo de los c\u00e1rteles de la droga, M\u00e9xico se encaminar\u00eda a convertirse en un narcoestado.<\/p>\n\n\n\n<p>\u201cVerdaderamente creo que el gobierno mexicano, aun cuando no pueda decirlo, quiere que el presidente Trump act\u00fae contra los c\u00e1rteles, porque ese veneno tambi\u00e9n est\u00e1 desestabilizando a su pa\u00eds\u201d, dijo en esa ocasi\u00f3n.<\/p>\n\n\n\n<p>\u201cGOLFO DE AM\u00c9RICA\u201d<\/p>\n\n\n\n<p>Entre sus pol\u00e9micas declaraciones, Trump tambi\u00e9n amenaz\u00f3 con cambiar el nombre del Golfo de M\u00e9xico a \u201cGolfo de Am\u00e9rica\u201d, un denominaci\u00f3n que, seg\u00fan \u00e9l, \u201csuena muy bien\u201d y es \u201capropiada\u201d.<\/p>\n\n\n\n<p>\u201cVamos a cambiar el nombre del golfo de M\u00e9xico por el \u2018golfo de Am\u00e9rica\u2019, que suena muy bien y abarca una gran extensi\u00f3n de territorio. Qu\u00e9 nombre tan hermoso. Y es apropiado, realmente lo es\u201d, dijo el magnate ante medios.<\/p>\n\n\n\n<p>Poco despu\u00e9s de este anuncio, la congresista republicana Marjorie Taylor Greene asegur\u00f3 que presentar\u00e1 un proyecto de ley lo m\u00e1s pronto posible para hacer oficial el cambio de nombre.<\/p>\n\n\n\n<p>Trump no se ha detenido en M\u00e9xico: tambi\u00e9n se ha referido a Canad\u00e1 como el \u201cEstado 51\u201d de Estados Unidos, ha exigido que Dinamarca considere ceder Groenlandia y ha pedido a Panam\u00e1 devolver el Canal que lleva su nombre.<\/p>\n\n\n\n<p>El republicano aprovech\u00f3 para reafirmar sus cr\u00edticas hacia M\u00e9xico y Canad\u00e1 por supuestamente permitir que migrantes y drogas crucen las fronteras estadounidenses. En este sentido, repiti\u00f3 su amenaza de imponer aranceles a los productos de ambos pa\u00edses.<\/p>\n\n\n\n<p>\u201cM\u00e9xico tiene que dejar de permitir que millones de personas ingresen a nuestro pa\u00eds. Pueden detenerlos, y vamos a imponer aranceles muy severos a M\u00e9xico y Canad\u00e1\u201d, asegur\u00f3.<\/p>\n\n\n\n<p>(Con informaci\u00f3n de EFE, en \u201cEl Financiero\u201d)<\/p>\n","protected":false},"excerpt":{"rendered":"<p>Redacci\u00f3n\/Zona Roja Cdmx. Ciudad de M\u00e9xico, a 8 de enero de 2025.- A solo unos&hellip;<\/p>\n","protected":false},"author":2,"featured_media":76253,"comment_status":"closed","ping_status":"open","sticky":false,"template":"","format":"standard","meta":{"_lmt_disableupdate":"","_lmt_disable":"","_jetpack_memberships_contains_paid_content":false,"footnotes":""},"categories":[109,47],"tags":[1060],"class_list":["post-76250","post","type-post","status-publish","format-standard","has-post-thumbnail","hentry","category-minuto-a-minuto","category-zona-gris","tag-donald-trump"],"jetpack_featured_media_url":"https:\/\/zonaroja.com.mx\/wp-content\/uploads\/2025\/01\/Donald-Trump.jpg","jetpack_sharing_enabled":true,"_links":{"self":[{"href":"https:\/\/zonaroja.com.mx\/index.php?rest_route=\/wp\/v2\/posts\/76250","targetHints":{"allow":["GET"]}}],"collection":[{"href":"https:\/\/zonaroja.com.mx\/index.php?rest_route=\/wp\/v2\/posts"}],"about":[{"href":"https:\/\/zonaroja.com.mx\/index.php?rest_route=\/wp\/v2\/types\/post"}],"author":[{"embeddable":true,"href":"https:\/\/zonaroja.com.mx\/index.php?rest_route=\/wp\/v2\/users\/2"}],"replies":[{"embeddable":true,"href":"https:\/\/zonaroja.com.mx\/index.php?rest_route=%2Fwp%2Fv2%2Fcomments&post=76250"}],"version-history":[{"count":1,"href":"https:\/\/zonaroja.com.mx\/index.php?rest_route=\/wp\/v2\/posts\/76250\/revisions"}],"predecessor-version":[{"id":76254,"href":"https:\/\/zonaroja.com.mx\/index.php?rest_route=\/wp\/v2\/posts\/76250\/revisions\/76254"}],"wp:featuredmedia":[{"embeddable":true,"href":"https:\/\/zonaroja.com.mx\/index.php?rest_route=\/wp\/v2\/media\/76253"}],"wp:attachment":[{"href":"https:\/\/zonaroja.com.mx\/index.php?rest_route=%2Fwp%2Fv2%2Fmedia&parent=76250"}],"wp:term":[{"taxonomy":"category","embeddable":true,"href":"https:\/\/zonaroja.com.mx\/index.php?rest_route=%2Fwp%2Fv2%2Fcategories&post=76250"},{"taxonomy":"post_tag","embeddable":true,"href":"https:\/\/zonaroja.com.mx\/index.php?rest_route=%2Fwp%2Fv2%2Ftags&post=76250"}],"curies":[{"name":"wp","href":"https:\/\/api.w.org\/{rel}","templated":true}]}}