{"id":76261,"date":"2025-01-08T10:25:00","date_gmt":"2025-01-08T16:25:00","guid":{"rendered":"https:\/\/zonaroja.com.mx\/?p=76261"},"modified":"2025-01-08T08:25:58","modified_gmt":"2025-01-08T14:25:58","slug":"ordena-juez-de-michoacan-suspender-proceso-electoral-extraordinario-del-pj","status":"publish","type":"post","link":"https:\/\/zonaroja.com.mx\/?p=76261","title":{"rendered":"Ordena juez de Michoac\u00e1n suspender proceso electoral extraordinario del PJ"},"content":{"rendered":"\n<p>Redacci\u00f3n\/Zona Roja Cdmx.<\/p>\n\n\n\n<p>Ciudad de M\u00e9xico, a 8 de enero de 2025.- El Comit\u00e9 de Evaluaci\u00f3n del Poder Judicial de la Federaci\u00f3n suspendi\u00f3 el proceso electoral extraordinario 2025 para diversos cargos, luego de acatar una suspensi\u00f3n definitiva que otorg\u00f3 el Juzgado Primero de Distrito en el estado de Michoac\u00e1n, hasta en tanto no se revoque o modifique dicha medida cautelar.<\/p>\n\n\n\n<p>\u201cCabe destacar que no se desconoce por este Comit\u00e9 que de no acatarse esa medida cautelar por los Comit\u00e9s de Evaluaci\u00f3n de los Poderes Ejecutivo y Legislativo de la Federaci\u00f3n, se provocar\u00eda una considerable inequidad a los participantes en el proceso electoral\u201d.<\/p>\n\n\n\n<p>Seg\u00fan fuentes del PJF, de continuar con el proceso para la selecci\u00f3n de candidatos al proceso extraordinario de junio de este a\u00f1o, por parte de los poderes Judicial y Ejecutivo, se quedar\u00edan fuera de la revisi\u00f3n y selecci\u00f3n las 3 mil 805 aspirantes que se inscribieron en el Poder Judicial de la Federaci\u00f3n.&nbsp;<br>Este amparo lo promovi\u00f3 la Asociaci\u00f3n Nacional de Magistrados de Circuito y Jueces de Distrito del Poder Judicial de la Federaci\u00f3n (Jufed) y hasta el momento el Legislativo y el Ejecutivo han se\u00f1alado que lo establecido en la Reforma Judicial es inatacable.<br>El comit\u00e9, integrado por Wilfrido Casta\u00f1\u00f3n Le\u00f3n, M\u00f3nica Gonz\u00e1lez Contr\u00f3, Emma Meza Fonseca, Mar\u00eda Emilia Molina de la Puente y Luis Enrique Pereda Trejo,&nbsp; public\u00f3 un acuerdo donde inform\u00f3 que la suspensi\u00f3n se otorg\u00f3 respecto de las normas generales (leyes federales y\/o secundarias) que pudieran derivar en la obligaci\u00f3n de legislar, impuesta en el art\u00edculo octavo transitorio, p\u00e1rrafo primero, del decreto por el que se reforman, adicionan y derogan diversas disposiciones de la Constituci\u00f3n Pol\u00edtica de los Estados Unidos Mexicanos en materia de reforma al Poder Judicial.<br>En el acuerdo dado a conocer por el Comit\u00e9 del PJ, se se\u00f1ala a los comit\u00e9s del Poder Ejecutivo, Legislativo y Judicial para que en un plazo de 48 horas, a partir de la notificaci\u00f3n, emitan un acuerdo administrativo para acatar la medida cautelar, esto es, en el que ordenen suspender, en la etapa en el que se encuentra y en el \u00e1mbito de sus competencias todo proceso o procedimiento contemplado en el decreto por el que se reforman, adicionan o derogan diversas disposiciones de la Constituci\u00f3n&nbsp; mexicana en materia de reforma al Poder Judicial que tenga por objeto: cesar o remover a los juzgadores e integrantes de la asociaci\u00f3n quejosa; y obligarlas a participar en el proceso electoral extraordinario.&nbsp;&nbsp;<br>Asimismo resalt\u00f3 que que no pasa inadvertida la sentencia dictada el 18 de noviembre de 2024 por la Sala Superior del Tribunal Electoral del Poder Judicial de la Federaci\u00f3n en el expediente SUP-AG-632\/2024 y acumulada, notificada a este Comit\u00e9 de Evaluaci\u00f3n el 26 de noviembre del a\u00f1o pasado, ya que, por una parte, se trata de una determinaci\u00f3n previa a la que ahora se acata y emitida en un jurisdicci\u00f3n constitucional diversa a la del juicio de amparo y, por otra parte, no corresponde a este \u00f3rgano Colegiado cuestionar lo determinado por un Juez de Distrito, titular de la protestad judicial del Estado Mexicano.<\/p>\n\n\n\n<p>El juez advirti\u00f3 al Comit\u00e9 de Evaluaci\u00f3n del Poder Judicial de la Federaci\u00f3n que de no cumplir con la suspensi\u00f3n definitiva proceder\u00e1 de inmediato a dar vista al Ministerio P\u00fablico federal, para que inicie la carpeta o las carpetas de investigaci\u00f3n&nbsp; que correspondan, contra los servidores p\u00fablicos involucrados que tengan el car\u00e1cter de autoridades responsable. Asimismo, se impondr\u00e1 una multa a cada integrante de dichos comit\u00e9s equivalente a 107 mil 570 pesos.<\/p>\n\n\n\n<p>(Informaci\u00f3n de \u201cLa Jornada\u201d)<\/p>\n","protected":false},"excerpt":{"rendered":"<p>Redacci\u00f3n\/Zona Roja Cdmx. Ciudad de M\u00e9xico, a 8 de enero de 2025.- El Comit\u00e9 de&hellip;<\/p>\n","protected":false},"author":2,"featured_media":74634,"comment_status":"closed","ping_status":"open","sticky":false,"template":"","format":"standard","meta":{"_lmt_disableupdate":"","_lmt_disable":"","_jetpack_memberships_contains_paid_content":false,"footnotes":""},"categories":[109,47],"tags":[4027],"class_list":["post-76261","post","type-post","status-publish","format-standard","has-post-thumbnail","hentry","category-minuto-a-minuto","category-zona-gris","tag-reforma-al-poder-judicial"],"jetpack_featured_media_url":"https:\/\/zonaroja.com.mx\/wp-content\/uploads\/2024\/11\/TEPJF-Tribunal-Electoral-Poder-Judicial.png","jetpack_sharing_enabled":true,"_links":{"self":[{"href":"https:\/\/zonaroja.com.mx\/index.php?rest_route=\/wp\/v2\/posts\/76261","targetHints":{"allow":["GET"]}}],"collection":[{"href":"https:\/\/zonaroja.com.mx\/index.php?rest_route=\/wp\/v2\/posts"}],"about":[{"href":"https:\/\/zonaroja.com.mx\/index.php?rest_route=\/wp\/v2\/types\/post"}],"author":[{"embeddable":true,"href":"https:\/\/zonaroja.com.mx\/index.php?rest_route=\/wp\/v2\/users\/2"}],"replies":[{"embeddable":true,"href":"https:\/\/zonaroja.com.mx\/index.php?rest_route=%2Fwp%2Fv2%2Fcomments&post=76261"}],"version-history":[{"count":1,"href":"https:\/\/zonaroja.com.mx\/index.php?rest_route=\/wp\/v2\/posts\/76261\/revisions"}],"predecessor-version":[{"id":76262,"href":"https:\/\/zonaroja.com.mx\/index.php?rest_route=\/wp\/v2\/posts\/76261\/revisions\/76262"}],"wp:featuredmedia":[{"embeddable":true,"href":"https:\/\/zonaroja.com.mx\/index.php?rest_route=\/wp\/v2\/media\/74634"}],"wp:attachment":[{"href":"https:\/\/zonaroja.com.mx\/index.php?rest_route=%2Fwp%2Fv2%2Fmedia&parent=76261"}],"wp:term":[{"taxonomy":"category","embeddable":true,"href":"https:\/\/zonaroja.com.mx\/index.php?rest_route=%2Fwp%2Fv2%2Fcategories&post=76261"},{"taxonomy":"post_tag","embeddable":true,"href":"https:\/\/zonaroja.com.mx\/index.php?rest_route=%2Fwp%2Fv2%2Ftags&post=76261"}],"curies":[{"name":"wp","href":"https:\/\/api.w.org\/{rel}","templated":true}]}}