{"id":76269,"date":"2025-01-08T15:53:40","date_gmt":"2025-01-08T21:53:40","guid":{"rendered":"https:\/\/zonaroja.com.mx\/?p=76269"},"modified":"2025-01-08T15:53:42","modified_gmt":"2025-01-08T21:53:42","slug":"confirman-asesinato-de-hermano-de-edil-de-amoltepec-oaxaca","status":"publish","type":"post","link":"https:\/\/zonaroja.com.mx\/?p=76269","title":{"rendered":"Confirman asesinato de hermano de edil de Amoltepec, Oaxaca"},"content":{"rendered":"\n<p>Ismael Garcia M.\/Zona Roja.<\/p>\n\n\n\n<p>Oaxaca de Ju\u00e1rez, Oax., a 8 de enero de 2025.- Laurencio H. G., hermano del presidente municipal de Santiago Amoltepec, Oaxaca, fue asesinado a balazos la madrugada de este mi\u00e9rcoles.<\/p>\n\n\n\n<p>La Fiscal\u00eda General del Estado de Oaxaca (FGEO) confirm\u00f3 el crimen y detall\u00f3 que dio inicio a las investigaciones correspondientes para dar con el paradero del o de los autores del hecho.<\/p>\n\n\n\n<p>De acuerdo con las primeras indagatorias, el hecho ocurri\u00f3 en el centro de la poblaci\u00f3n, cerca del palacio municipal, donde fue privado de la vida con disparos de armas de fuego.<\/p>\n\n\n\n<p>Personal policiaco local acudi\u00f3 al lugar tras la llamada de auxilio de los vecinos de la zona; sin embargo, no pudo realizar alguna detenci\u00f3n.&nbsp;<\/p>\n\n\n\n<p>\u201cAnte este hecho, la FGEO despleg\u00f3 a un equipo multidisciplinario que realiza los primeros trabajos periciales y ministeriales en el lugar.<\/p>\n\n\n\n<p>\u201cDe acuerdo con los resultados de las primeras entrevistas ministeriales, la v\u00edctima es hermano del presidente municipal de Santiago Amoltepec.&nbsp;<\/p>\n\n\n\n<p>\u201cLa Fiscal\u00eda de Oaxaca reitera su compromiso de esclarecer los delitos de alto impacto, procurando justicia para las v\u00edctimas directas en indirectas\u201d, expuso la instituci\u00f3n a trav\u00e9s de un comunicado.<\/p>\n","protected":false},"excerpt":{"rendered":"<p>Ismael Garcia M.\/Zona Roja. Oaxaca de Ju\u00e1rez, Oax., a 8 de enero de 2025.- Laurencio&hellip;<\/p>\n","protected":false},"author":2,"featured_media":76270,"comment_status":"closed","ping_status":"open","sticky":false,"template":"","format":"standard","meta":{"_lmt_disableupdate":"","_lmt_disable":"","_jetpack_memberships_contains_paid_content":false,"footnotes":""},"categories":[109,51],"tags":[860],"class_list":["post-76269","post","type-post","status-publish","format-standard","has-post-thumbnail","hentry","category-minuto-a-minuto","category-zona-roja","tag-santiago-amoltepec"],"jetpack_featured_media_url":"https:\/\/zonaroja.com.mx\/wp-content\/uploads\/2025\/01\/Laureano-H.-G.-Amoltepec.jpg","jetpack_sharing_enabled":true,"_links":{"self":[{"href":"https:\/\/zonaroja.com.mx\/index.php?rest_route=\/wp\/v2\/posts\/76269","targetHints":{"allow":["GET"]}}],"collection":[{"href":"https:\/\/zonaroja.com.mx\/index.php?rest_route=\/wp\/v2\/posts"}],"about":[{"href":"https:\/\/zonaroja.com.mx\/index.php?rest_route=\/wp\/v2\/types\/post"}],"author":[{"embeddable":true,"href":"https:\/\/zonaroja.com.mx\/index.php?rest_route=\/wp\/v2\/users\/2"}],"replies":[{"embeddable":true,"href":"https:\/\/zonaroja.com.mx\/index.php?rest_route=%2Fwp%2Fv2%2Fcomments&post=76269"}],"version-history":[{"count":1,"href":"https:\/\/zonaroja.com.mx\/index.php?rest_route=\/wp\/v2\/posts\/76269\/revisions"}],"predecessor-version":[{"id":76271,"href":"https:\/\/zonaroja.com.mx\/index.php?rest_route=\/wp\/v2\/posts\/76269\/revisions\/76271"}],"wp:featuredmedia":[{"embeddable":true,"href":"https:\/\/zonaroja.com.mx\/index.php?rest_route=\/wp\/v2\/media\/76270"}],"wp:attachment":[{"href":"https:\/\/zonaroja.com.mx\/index.php?rest_route=%2Fwp%2Fv2%2Fmedia&parent=76269"}],"wp:term":[{"taxonomy":"category","embeddable":true,"href":"https:\/\/zonaroja.com.mx\/index.php?rest_route=%2Fwp%2Fv2%2Fcategories&post=76269"},{"taxonomy":"post_tag","embeddable":true,"href":"https:\/\/zonaroja.com.mx\/index.php?rest_route=%2Fwp%2Fv2%2Ftags&post=76269"}],"curies":[{"name":"wp","href":"https:\/\/api.w.org\/{rel}","templated":true}]}}