{"id":76277,"date":"2025-01-08T20:25:00","date_gmt":"2025-01-09T02:25:00","guid":{"rendered":"https:\/\/zonaroja.com.mx\/?p=76277"},"modified":"2025-01-08T20:25:03","modified_gmt":"2025-01-09T02:25:03","slug":"violencia-incesante-en-el-istmo-un-ejecutado-en-matias-romero","status":"publish","type":"post","link":"https:\/\/zonaroja.com.mx\/?p=76277","title":{"rendered":"Violencia incesante en el Istmo: un ejecutado en Mat\u00edas Romero"},"content":{"rendered":"\n<p>Ismael Garc\u00eda M.\/Zona Roja.<\/p>\n\n\n\n<p>Oaxaca de Ju\u00e1rez, Oax., a 8 de enero de 2024.- Despu\u00e9s de un d\u00eda de tregua, la violencia criminal regres\u00f3 a la regi\u00f3n del Istmo de Tehuantepec.<\/p>\n\n\n\n<p>Esta ma\u00f1ana en la colonia Barrio Nuevo del municipio de Mat\u00edas Romero Avenda\u00f1o, una persona del sexo masculino fue ejecutada a balazos.<\/p>\n\n\n\n<p>La v\u00edctima fue identificada de manera preliminar como Fernando M. T., de 26 a\u00f1os de edad, y fue ultimado cuando arribaba a su domicilio a bordo de su veh\u00edculo particular.<\/p>\n\n\n\n<p>Presuntamente ven\u00eda huyendo de sus agresores pero fue alcanzado por m\u00faltiples impactos de arma de fuego, por lo cual perdi\u00f3 la vida al instante.<\/p>\n\n\n\n<p>Personal de la Vicefiscal\u00eda Regional del Istmo, dependiente de la Fiscal\u00eda General del Estado de Oaxaca, inici\u00f3 las indagatorias correspondientes, con la finalidad de esclarecer el caso y procurar justicia.<\/p>\n","protected":false},"excerpt":{"rendered":"<p>Ismael Garc\u00eda M.\/Zona Roja. Oaxaca de Ju\u00e1rez, Oax., a 8 de enero de 2024.- Despu\u00e9s&hellip;<\/p>\n","protected":false},"author":2,"featured_media":76278,"comment_status":"closed","ping_status":"open","sticky":false,"template":"","format":"standard","meta":{"_lmt_disableupdate":"","_lmt_disable":"","_jetpack_memberships_contains_paid_content":false,"footnotes":""},"categories":[109,51],"tags":[228],"class_list":["post-76277","post","type-post","status-publish","format-standard","has-post-thumbnail","hentry","category-minuto-a-minuto","category-zona-roja","tag-matias-romero-avendano"],"jetpack_featured_media_url":"https:\/\/zonaroja.com.mx\/wp-content\/uploads\/2025\/01\/Ejecutado-Matias-Romero.jpeg","jetpack_sharing_enabled":true,"_links":{"self":[{"href":"https:\/\/zonaroja.com.mx\/index.php?rest_route=\/wp\/v2\/posts\/76277","targetHints":{"allow":["GET"]}}],"collection":[{"href":"https:\/\/zonaroja.com.mx\/index.php?rest_route=\/wp\/v2\/posts"}],"about":[{"href":"https:\/\/zonaroja.com.mx\/index.php?rest_route=\/wp\/v2\/types\/post"}],"author":[{"embeddable":true,"href":"https:\/\/zonaroja.com.mx\/index.php?rest_route=\/wp\/v2\/users\/2"}],"replies":[{"embeddable":true,"href":"https:\/\/zonaroja.com.mx\/index.php?rest_route=%2Fwp%2Fv2%2Fcomments&post=76277"}],"version-history":[{"count":1,"href":"https:\/\/zonaroja.com.mx\/index.php?rest_route=\/wp\/v2\/posts\/76277\/revisions"}],"predecessor-version":[{"id":76279,"href":"https:\/\/zonaroja.com.mx\/index.php?rest_route=\/wp\/v2\/posts\/76277\/revisions\/76279"}],"wp:featuredmedia":[{"embeddable":true,"href":"https:\/\/zonaroja.com.mx\/index.php?rest_route=\/wp\/v2\/media\/76278"}],"wp:attachment":[{"href":"https:\/\/zonaroja.com.mx\/index.php?rest_route=%2Fwp%2Fv2%2Fmedia&parent=76277"}],"wp:term":[{"taxonomy":"category","embeddable":true,"href":"https:\/\/zonaroja.com.mx\/index.php?rest_route=%2Fwp%2Fv2%2Fcategories&post=76277"},{"taxonomy":"post_tag","embeddable":true,"href":"https:\/\/zonaroja.com.mx\/index.php?rest_route=%2Fwp%2Fv2%2Ftags&post=76277"}],"curies":[{"name":"wp","href":"https:\/\/api.w.org\/{rel}","templated":true}]}}