{"id":76280,"date":"2025-01-08T21:55:39","date_gmt":"2025-01-09T03:55:39","guid":{"rendered":"https:\/\/zonaroja.com.mx\/?p=76280"},"modified":"2025-01-08T21:55:42","modified_gmt":"2025-01-09T03:55:42","slug":"detienen-a-edil-oaxaqueno-acusado-de-intento-de-asesinato","status":"publish","type":"post","link":"https:\/\/zonaroja.com.mx\/?p=76280","title":{"rendered":"Detienen a edil oaxaque\u00f1o acusado de intento de asesinato"},"content":{"rendered":"\n<p>Raymundo Morales\/Zona Roja.<\/p>\n\n\n\n<p>Oaxaca de Ju\u00e1rez, Oax., a 8 de enero de 2025.- En el Centro de Convenciones de Oaxaca fue detenido hoy el presidente municipal de Huautla de Jim\u00e9nez, David G. J., acusado de tentativa de homicido.<\/p>\n\n\n\n<p>La Fiscal\u00eda General del Estado de Oaxaca confirm\u00f3 la aprehensi\u00f3n, por parte de elementos de la Agencia Estatal de Investigaciones (AEI).<\/p>\n\n\n\n<p>De acuerdo con el expediente penal, los hechos ocurrieron el 25 de mayo de 2024, cuando las dos v\u00edctimas (dos hombres identificados como S. M. C. y B. M. G.) fueron agredidas por un grupo de personas, al estar en calles de Huautla de Jim\u00e9nez.<\/p>\n\n\n\n<p>La Fiscal\u00eda de Oaxaca inici\u00f3 la carpeta de investigaci\u00f3n correspondiente, derivado de las investigaciones logr\u00f3 presentar la evidencia necesaria ante el Juez lo que permiti\u00f3 la obtenci\u00f3n de la orden de aprehensi\u00f3n en contra de David G.J. &nbsp;<\/p>\n\n\n\n<p>Por ello, elementos de la Agencia Estatal de Investigaciones realizaron un operativo para ejecutar la orden de aprehensi\u00f3n en contra de la citada persona por el delito de homicidio en grado de tentativa, persona que fue detenida en cumplimiento al mandato judicial.&nbsp;<\/p>\n\n\n\n<p>\u201cLa Fiscal\u00eda General de Oaxaca est\u00e1 comprometida con la realizaci\u00f3n de Investigaciones que permitan garantizar a las v\u00edctimas directas e indirectas adecuados procesos de procuraci\u00f3n de justicia\u201d, indic\u00f3 la instituci\u00f3n en un comunicado.<\/p>\n","protected":false},"excerpt":{"rendered":"<p>Raymundo Morales\/Zona Roja. Oaxaca de Ju\u00e1rez, Oax., a 8 de enero de 2025.- En el&hellip;<\/p>\n","protected":false},"author":2,"featured_media":76281,"comment_status":"closed","ping_status":"open","sticky":false,"template":"","format":"standard","meta":{"_lmt_disableupdate":"","_lmt_disable":"","_jetpack_memberships_contains_paid_content":false,"footnotes":""},"categories":[109,46],"tags":[494,203],"class_list":["post-76280","post","type-post","status-publish","format-standard","has-post-thumbnail","hentry","category-minuto-a-minuto","category-zona-blanca","tag-fiscalia-general-del-estado-de-oaxaca","tag-huautla-de-jimenez"],"jetpack_featured_media_url":"https:\/\/zonaroja.com.mx\/wp-content\/uploads\/2025\/01\/David-Garcia-Jimenez-Huautla.jpg","jetpack_sharing_enabled":true,"_links":{"self":[{"href":"https:\/\/zonaroja.com.mx\/index.php?rest_route=\/wp\/v2\/posts\/76280","targetHints":{"allow":["GET"]}}],"collection":[{"href":"https:\/\/zonaroja.com.mx\/index.php?rest_route=\/wp\/v2\/posts"}],"about":[{"href":"https:\/\/zonaroja.com.mx\/index.php?rest_route=\/wp\/v2\/types\/post"}],"author":[{"embeddable":true,"href":"https:\/\/zonaroja.com.mx\/index.php?rest_route=\/wp\/v2\/users\/2"}],"replies":[{"embeddable":true,"href":"https:\/\/zonaroja.com.mx\/index.php?rest_route=%2Fwp%2Fv2%2Fcomments&post=76280"}],"version-history":[{"count":1,"href":"https:\/\/zonaroja.com.mx\/index.php?rest_route=\/wp\/v2\/posts\/76280\/revisions"}],"predecessor-version":[{"id":76282,"href":"https:\/\/zonaroja.com.mx\/index.php?rest_route=\/wp\/v2\/posts\/76280\/revisions\/76282"}],"wp:featuredmedia":[{"embeddable":true,"href":"https:\/\/zonaroja.com.mx\/index.php?rest_route=\/wp\/v2\/media\/76281"}],"wp:attachment":[{"href":"https:\/\/zonaroja.com.mx\/index.php?rest_route=%2Fwp%2Fv2%2Fmedia&parent=76280"}],"wp:term":[{"taxonomy":"category","embeddable":true,"href":"https:\/\/zonaroja.com.mx\/index.php?rest_route=%2Fwp%2Fv2%2Fcategories&post=76280"},{"taxonomy":"post_tag","embeddable":true,"href":"https:\/\/zonaroja.com.mx\/index.php?rest_route=%2Fwp%2Fv2%2Ftags&post=76280"}],"curies":[{"name":"wp","href":"https:\/\/api.w.org\/{rel}","templated":true}]}}